{"id":9439,"date":"2021-09-23T06:58:46","date_gmt":"2021-09-23T04:58:46","guid":{"rendered":"http:\/\/be-ge.se\/be-ge-stece-ab-be-ge-stece-ab-fyller-75-ar\/"},"modified":"2021-09-23T06:58:46","modified_gmt":"2021-09-23T04:58:46","slug":"be-ge-stece-ab-be-ge-stece-ab-fyller-75-ar","status":"publish","type":"post","link":"https:\/\/be-ge.se\/en\/be-ge-stece-ab-be-ge-stece-ab-fyller-75-ar\/","title":{"rendered":"Be-Ge Stece AB, Be-Ge Stece AB fyller 75 \u00e5r"},"content":{"rendered":"<figure class=\"wp-block-image size-large is-resized\"><a href=\"https:\/\/be-ge.se\/wp-content\/uploads\/2021\/09\/begestece75ar.jpg\"><img fetchpriority=\"high\" decoding=\"async\" src=\"https:\/\/be-ge.se\/wp-content\/uploads\/2021\/09\/begestece75ar-1024x1024.jpg\" alt=\"\" class=\"wp-image-10363\" width=\"704\" height=\"704\"\/><\/a><\/figure>\n\n\n\n<p>Idag firar Be-Ge Stece AB 75 \u00e5r. Detta firar f\u00f6retaget grillfest och t\u00e5rta.<\/p>\n\n\n\n<p class=\"has-white-color has-vivid-cyan-blue-background-color has-text-color has-background has-medium-font-size\"><strong>Historik om f\u00f6retaget<\/strong><\/p>\n\n\n\n<p><strong>Stece<\/strong>&nbsp;startades i Stockholm 1946 av br\u00f6derna Brandfors och Sten-Erik Cederberg. P\u00e5 grund av b\u00e5de platsbrist och brist p\u00e5 arbetskraft flyttades f\u00f6retaget till M\u00f6nster\u00e5s under sommaren 1951. D\u00e5 sysselsattes ett 10-tal personer i bolaget. Vid denna tidpunkt var fj\u00e4drar och tr\u00e5ddetaljer bolagets huvudsakliga produktion. Utvecklingen av bolaget fortsatte med flera nya kunder bl.a. inom bilindustrin.<\/p>\n\n\n\n<figure class=\"wp-block-image\"><img decoding=\"async\" src=\"https:\/\/stece.be-ge.se\/wp-content\/uploads\/2017\/01\/IMG_06266222.jpg\" alt=\"\"\/><\/figure>\n\n\n\n<h4 class=\"wp-block-heading\">Verksamheten utvidgas<\/h4>\n\n\n\n<p>Verksamheten utvidgades med mer pl\u00e5tbearbetning och 1960 fattades beslut om nybyggnation av en pressverkstad med tillh\u00f6rande ytbehandlingsanl\u00e4ggning. Expansionen fortsatte och 1971 beslutade Cederberg att s\u00e4lja bolaget till Associated Spring Corporation (ASC) i USA. Vid denna tidpunkt hade bolaget vuxit till 370 anst\u00e4llda. I mitten av 70-talet drabbas s\u00e5 v\u00e4rlden av oljekris och den amerikanska bilindustrin s\u00e4tts under h\u00e5rd press av japanska tillverkare. Detta p\u00e5verkar \u00e4ven STECE som under slutet av 70-talet tvingas banta ner verksamhet speciellt inom tillverkning av detaljer till just bilar.<\/p>\n\n\n\n<h4 class=\"wp-block-heading\">1982<\/h4>\n\n\n\n<p>1982 tar ASC som nu heter Barnes Group beslutet att s\u00e4lja bolaget till ett antal personer i f\u00f6retagsledningen. \u00c5terigen satsas det i f\u00f6retaget med flera nya investeringar och med en f\u00f6rb\u00e4ttrad konjunktur under 80-talet, var det 1988 dags f\u00f6r ytterligare utbyggnad av verksamheten. Aff\u00e4rerna blomstrade fram till l\u00e5gkonjunkturen i b\u00f6rjan av 90-talet. Efter ett antal magra \u00e5r tog ordering\u00e5ngen fart igen under 1994. Bolaget fick en ensam \u00e4gare 1995 i Bengt Forsman och drevs s\u00e5 fram till 2006 d\u00e5 Be-Ge F\u00f6retagen tillsammans med Lesj\u00f6fors f\u00f6rv\u00e4rvade STECE.<\/p>\n\n\n\n<hr class=\"wp-block-separator\"\/>\n\n\n\n<p><strong>Be-Ge Stece AB<\/strong>&nbsp;\u00e4r idag en underleverant\u00f6r av pressade pl\u00e5tdetaljer till kunder inom europeisk fordons- och verkstadsindustri. Vi erbjuder kunder verktygskonstruktion och tillverkning, excenter- och hydraulpressning av pl\u00e5tdetaljer fr\u00e5n 0,5 mm upp till 6 mm, v\u00e4rme- och ytbehandling, samt svetsning och montering. Verksamheten \u00e4r certifierad enligt IATF 16949 och ISO 9001\/14001<\/p>","protected":false},"excerpt":{"rendered":"<p>Idag firar Be-Ge Stece AB 75 \u00e5r. Detta firar f\u00f6retaget grillfest och t\u00e5rta. Historik om f\u00f6retaget Stece&nbsp;startades i Stockholm 1946 av br\u00f6derna Brandfors och Sten-Erik Cederberg. P\u00e5 grund av b\u00e5de platsbrist och brist p\u00e5 arbetskraft flyttades f\u00f6retaget till M\u00f6nster\u00e5s under sommaren 1951. D\u00e5 sysselsattes ett 10-tal personer i bolaget. Vid denna tidpunkt var fj\u00e4drar och [&hellip;]<\/p>\n","protected":false},"author":1,"featured_media":0,"comment_status":"closed","ping_status":"closed","sticky":false,"template":"","format":"standard","meta":{"_acf_changed":false,"footnotes":""},"categories":[32],"tags":[],"class_list":["post-9439","post","type-post","status-publish","format-standard","hentry","category-nyheter"],"acf":[],"_links":{"self":[{"href":"https:\/\/be-ge.se\/en\/wp-json\/wp\/v2\/posts\/9439","targetHints":{"allow":["GET"]}}],"collection":[{"href":"https:\/\/be-ge.se\/en\/wp-json\/wp\/v2\/posts"}],"about":[{"href":"https:\/\/be-ge.se\/en\/wp-json\/wp\/v2\/types\/post"}],"author":[{"embeddable":true,"href":"https:\/\/be-ge.se\/en\/wp-json\/wp\/v2\/users\/1"}],"replies":[{"embeddable":true,"href":"https:\/\/be-ge.se\/en\/wp-json\/wp\/v2\/comments?post=9439"}],"version-history":[{"count":0,"href":"https:\/\/be-ge.se\/en\/wp-json\/wp\/v2\/posts\/9439\/revisions"}],"wp:attachment":[{"href":"https:\/\/be-ge.se\/en\/wp-json\/wp\/v2\/media?parent=9439"}],"wp:term":[{"taxonomy":"category","embeddable":true,"href":"https:\/\/be-ge.se\/en\/wp-json\/wp\/v2\/categories?post=9439"},{"taxonomy":"post_tag","embeddable":true,"href":"https:\/\/be-ge.se\/en\/wp-json\/wp\/v2\/tags?post=9439"}],"curies":[{"name":"wp","href":"https:\/\/api.w.org\/{rel}","templated":true}]}}