{"id":9424,"date":"2021-08-18T14:03:15","date_gmt":"2021-08-18T12:03:15","guid":{"rendered":"http:\/\/be-ge.se\/be-ge-lastbilar-ab-be-ge-veteran-17-18-september\/"},"modified":"2021-08-18T14:03:15","modified_gmt":"2021-08-18T12:03:15","slug":"be-ge-lastbilar-ab-be-ge-veteran-17-18-september","status":"publish","type":"post","link":"https:\/\/be-ge.se\/en\/be-ge-lastbilar-ab-be-ge-veteran-17-18-september\/","title":{"rendered":"Be-Ge Lastbilar AB, Be-Ge Veteran 17-18 september"},"content":{"rendered":"<figure class=\"wp-block-image size-full\"><a href=\"https:\/\/be-ge.se\/wp-content\/uploads\/2021\/08\/veteran_bild.jpg\"><img decoding=\"async\" src=\"https:\/\/be-ge.se\/wp-content\/uploads\/2021\/08\/veteran_bild.jpg\" alt=\"\" class=\"wp-image-10167\"\/><\/a><\/figure>\n\n\n\n<p class=\"has-vivid-cyan-blue-color has-text-color has-medium-font-size\"><strong>Be-Ge Lastbilar fyller 80 \u00e5r tillsammans med Scania och det<br>uppm\u00e4rksammar vi den 17-18 september i Oskarshamn<\/strong><\/p>\n\n\n\n<p><strong>Fredagen<\/strong>\u00a0startar vi under tema<strong> H\u00e5llbarhet<\/strong> inom Fordons- och Transportindustrin. Hur kommer bilarna och<br>transporterna f\u00f6r\u00e4ndras? Vilka br\u00e4nslen finns och hur s\u00e4nker vi CO2 utsl\u00e4pp inom transportsektorn?<\/p>\n\n\n\n<p><strong>L\u00f6rdagen<\/strong>\u00a0har b\u00e5de historik och framtid. Vi har en allm\u00e4n visning av <strong>Veteranfordon<\/strong> vilket visas upp av v\u00e5ra<br>kunder. Vi har bilhallen full av erbjudanden fr\u00e5n <strong>Skoda och VW<\/strong> samt flera <strong>nya Scania<\/strong> f\u00f6r<strong> provk\u00f6rning<\/strong>.<\/p>\n\n\n\n<p>Samt mycket mer, f\u00f6r mer information se v\u00e5r hemsida eller sociala medier!<\/p>\n\n\n\n<div style=\"height:14px\" aria-hidden=\"true\" class=\"wp-block-spacer\"><\/div>\n\n\n\n<p class=\"has-vivid-cyan-blue-color has-text-color has-normal-font-size\"><strong>Plats:&nbsp;Be-Ge Person-\/Lastbilar AB S\u00f6dra Fabriksgatan 12, Oskarshamn<\/strong><\/p>\n\n\n\n<p class=\"has-vivid-cyan-blue-color has-text-color\"><strong>Fredag 17 sep<\/strong><\/p>\n\n\n\n<p><strong>H\u00e5llbarhet<\/strong>: Information kring h\u00e5llbara transporter och framtidens bilar i Skodahallen,&nbsp;<a href=\"https:\/\/lb.be-ge.se\/kontakta-oss\/kontaktformular-tomas-engsund\/\">anm\u00e4lan kr\u00e4vs!<\/a><\/p>\n\n\n\n<div style=\"height:15px\" aria-hidden=\"true\" class=\"wp-block-spacer\"><\/div>\n\n\n\n<p class=\"has-vivid-cyan-blue-color has-text-color\"><strong>L\u00f6rdag 18 sep<\/strong><\/p>\n\n\n\n<p><strong>Bilhall VW\/Skoda:<\/strong>&nbsp;Kampanjl\u00f6rdag 10-15 i butiken.<\/p>\n\n\n\n<p><strong>Veteranfordon:<\/strong>&nbsp;Utst\u00e4llning p\u00e5 grusparkeringen framf\u00f6r bilhall \/ verkstad. Kom och visa er lastbil\/buss\/bil\/mc\/moped\/traktor.&nbsp;<a href=\"https:\/\/lb.be-ge.se\/kontakta-oss\/kontaktformular-tomas-engsund\/\">Anm\u00e4lan kr\u00e4vs!<\/a><\/p>\n\n\n\n<p><strong>Provk\u00f6rning:<\/strong>&nbsp;Flera nya Scania f\u00f6r provk\u00f6rning vid lastbilsverkstaden.<\/p>\n\n\n\n<p>Vi bjuder p\u00e5 l\u00e4ttare tilltugg under dagen!<\/p>\n\n\n\n<div style=\"height:12px\" aria-hidden=\"true\" class=\"wp-block-spacer\"><\/div>\n\n\n\n<p class=\"has-vivid-cyan-blue-color has-text-color\"><strong>Varmt v\u00e4lkomna till en givande helg!<\/strong><\/p>\n\n\n\n<p><strong>Be-Ge Lastbilar AB<br><\/strong>Tomas Engsund<\/p>\n\n\n\n<p><strong>Be-Ge Personbilar AB<br><\/strong>Peter Ek<\/p>","protected":false},"excerpt":{"rendered":"<p>Be-Ge Lastbilar fyller 80 \u00e5r tillsammans med Scania och detuppm\u00e4rksammar vi den 17-18 september i Oskarshamn Fredagen\u00a0startar vi under tema H\u00e5llbarhet inom Fordons- och Transportindustrin. Hur kommer bilarna ochtransporterna f\u00f6r\u00e4ndras? Vilka br\u00e4nslen finns och hur s\u00e4nker vi CO2 utsl\u00e4pp inom transportsektorn? L\u00f6rdagen\u00a0har b\u00e5de historik och framtid. Vi har en allm\u00e4n visning av Veteranfordon vilket visas [&hellip;]<\/p>\n","protected":false},"author":1,"featured_media":0,"comment_status":"closed","ping_status":"closed","sticky":false,"template":"","format":"standard","meta":{"_acf_changed":false,"footnotes":""},"categories":[32],"tags":[],"class_list":["post-9424","post","type-post","status-publish","format-standard","hentry","category-nyheter"],"acf":[],"_links":{"self":[{"href":"https:\/\/be-ge.se\/en\/wp-json\/wp\/v2\/posts\/9424","targetHints":{"allow":["GET"]}}],"collection":[{"href":"https:\/\/be-ge.se\/en\/wp-json\/wp\/v2\/posts"}],"about":[{"href":"https:\/\/be-ge.se\/en\/wp-json\/wp\/v2\/types\/post"}],"author":[{"embeddable":true,"href":"https:\/\/be-ge.se\/en\/wp-json\/wp\/v2\/users\/1"}],"replies":[{"embeddable":true,"href":"https:\/\/be-ge.se\/en\/wp-json\/wp\/v2\/comments?post=9424"}],"version-history":[{"count":0,"href":"https:\/\/be-ge.se\/en\/wp-json\/wp\/v2\/posts\/9424\/revisions"}],"wp:attachment":[{"href":"https:\/\/be-ge.se\/en\/wp-json\/wp\/v2\/media?parent=9424"}],"wp:term":[{"taxonomy":"category","embeddable":true,"href":"https:\/\/be-ge.se\/en\/wp-json\/wp\/v2\/categories?post=9424"},{"taxonomy":"post_tag","embeddable":true,"href":"https:\/\/be-ge.se\/en\/wp-json\/wp\/v2\/tags?post=9424"}],"curies":[{"name":"wp","href":"https:\/\/api.w.org\/{rel}","templated":true}]}}