{"id":9332,"date":"2020-08-27T05:56:09","date_gmt":"2020-08-27T03:56:09","guid":{"rendered":"http:\/\/be-ge.se\/be-ge-lastbilar-ab-be-ge-nytt-augusti-2020\/"},"modified":"2020-08-27T05:56:09","modified_gmt":"2020-08-27T03:56:09","slug":"be-ge-lastbilar-ab-be-ge-nytt-augusti-2020","status":"publish","type":"post","link":"https:\/\/be-ge.se\/en\/be-ge-lastbilar-ab-be-ge-nytt-augusti-2020\/","title":{"rendered":"Be-Ge Lastbilar AB, Be-Ge Nytt Augusti 2020"},"content":{"rendered":"<figure class=\"wp-block-image size-large is-resized\"><a href=\"http:\/\/media.be-ge.se\/?r=2684\" target=\"_blank\" rel=\"noopener noreferrer\"><img fetchpriority=\"high\" decoding=\"async\" src=\"https:\/\/lb.be-ge.se\/wp-content\/uploads\/2020\/08\/begenytt_augusti_2020_cover.jpg\" alt=\"\" class=\"wp-image-7919\" width=\"551\" height=\"592\"\/><\/a><figcaption><a rel=\"noreferrer noopener\" href=\"http:\/\/media.be-ge.se\/?r=2684\" target=\"_blank\">Ladda ner Be-Ge Nytt h\u00e4r <\/a><\/figcaption><\/figure>\n\n\n\n<p><strong>Ett nyhetsbrev fr\u00e5n Be-Ge Lastbilar AB \u2013 augusti 2020<\/strong><\/p>\n\n\n\n<h5 class=\"wp-block-heading\"><span class=\"has-inline-color has-vivid-cyan-blue-color\">V\u00c5RA \u00d6PPETTIDER<\/span><br>G\u00e4ller 17\/8-20 &#8211; 19\/12-20 <\/h5>\n\n\n\n<p><p class=\"has-background\" style=\"background-color:#eef3f7\"><strong>Oskarshamn 0491-761530<br>\/ Vetlanda 0383-467320<\/strong><br>M\u00e5ndag &#8211; Torsdag           07.00 \u2013 18.00<br>Fredag                               07.00 \u2013 16.00<br>L\u00f6rdag Vetlanda              07.00 \u2013 12.30<br>L\u00f6rdag O-hamn               07.00 \u2013 13.30<br><br><strong>Hultsfred 0495-12060-12060<\/strong><br>M\u00e5ndag &#8211; Fredag             07.00 \u2013 16.00<br>L\u00f6rdag j\u00e4mna veckor     07.00 &#8211; 12.30<br><br><strong>Visby 0498-691450<\/strong><br>M\u00e5ndag och Fredag       06.45 \u2013 16.00<br>Tisdag \u2013 Torsdag            06.45 &#8211; 18.00<br>L\u00f6rdag                              07.00 &#8211; 14.00<br><br><strong><span class=\"has-inline-color has-vivid-red-color\">Jourtelefon                     042-100 100<\/span><\/strong><\/p><\/p>\n\n\n\n<p><strong>V\u00e4lkomna tillbaka!<\/strong><br>Hoppas ni alla haft en bra sommar med annan syssels\u00e4ttning \u00e4n vardagen och trots Covid-19 haft god tid f\u00f6r familj och v\u00e4nner. Tack alla ni som svarar p\u00e5 v\u00e5ra kundunders\u00f6kningar. Vi har, enligt unders\u00f6kningen, f\u00f6rb\u00e4ttrat oss p\u00e5 n\u00e4stan alla punkter vilket vi \u00e4r otroligt glada f\u00f6r. V\u00e5rt gemensamma m\u00e5l \u00e4r att vara den b\u00e4sta Scania handlaren i landet, vi \u00e4r inte d\u00e4r \u00e4n men v\u00e5r m\u00e5ls\u00e4ttning \u00e4r dit\u00e5t. S\u00e5 forts\u00e4tt att ge oss synpunkter p\u00e5 f\u00f6rb\u00e4ttringar och tips p\u00e5 utvecklingspunkter. <\/p>\n\n\n\n<p>Vi har gl\u00e4djen att presentera n\u00e5gra nya medarbetare som b\u00f6rjat hos oss vilket f\u00f6r in nya kunskaper och id\u00e9er. \u2013 <strong>V\u00e4lkomna! <\/strong><br><br>Hur h\u00f6sten utvecklas med Covid-19 \u00e5terst\u00e5r att se men vi liksom ni k\u00e4mpar<br>varje dag f\u00f6r att h\u00e5lla tempot uppe och klara vardagen. Vi l\u00e4ngtar efter mer<br>normala tider, men VI TILLSAMMANS hj\u00e4lper till att h\u00e5lla Sverige rullande &#8211; BRA jobbat!!<br><br>H\u00e5ll alltid koll p\u00e5 v\u00e5r hemsida, Facebook eller Instagram f\u00f6r nyheter, leveranser med mera.<\/p>\n\n\n\n<ul class=\"wp-block-social-links is-layout-flex wp-block-social-links-is-layout-flex\"><li class=\"wp-social-link wp-social-link-facebook  wp-block-social-link\"><a href=\"https:\/\/www.facebook.com\/begelastbilar\" class=\"wp-block-social-link-anchor\"><svg width=\"24\" height=\"24\" viewbox=\"0 0 24 24\" version=\"1.1\" xmlns=\"http:\/\/www.w3.org\/2000\/svg\" aria-hidden=\"true\" focusable=\"false\"><path d=\"M12 2C6.5 2 2 6.5 2 12c0 5 3.7 9.1 8.4 9.9v-7H7.9V12h2.5V9.8c0-2.5 1.5-3.9 3.8-3.9 1.1 0 2.2.2 2.2.2v2.5h-1.3c-1.2 0-1.6.8-1.6 1.6V12h2.8l-.4 2.9h-2.3v7C18.3 21.1 22 17 22 12c0-5.5-4.5-10-10-10z\"><\/path><\/svg><span class=\"wp-block-social-link-label screen-reader-text\">Facebook<\/span><\/a><\/li>\n\n\n\n<li class=\"wp-social-link wp-social-link-instagram  wp-block-social-link\"><a href=\"https:\/\/www.instagram.com\/begelastbilar\/\" class=\"wp-block-social-link-anchor\"><svg width=\"24\" height=\"24\" viewbox=\"0 0 24 24\" version=\"1.1\" xmlns=\"http:\/\/www.w3.org\/2000\/svg\" aria-hidden=\"true\" focusable=\"false\"><path d=\"M12,4.622c2.403,0,2.688,0.009,3.637,0.052c0.877,0.04,1.354,0.187,1.671,0.31c0.42,0.163,0.72,0.358,1.035,0.673 c0.315,0.315,0.51,0.615,0.673,1.035c0.123,0.317,0.27,0.794,0.31,1.671c0.043,0.949,0.052,1.234,0.052,3.637 s-0.009,2.688-0.052,3.637c-0.04,0.877-0.187,1.354-0.31,1.671c-0.163,0.42-0.358,0.72-0.673,1.035 c-0.315,0.315-0.615,0.51-1.035,0.673c-0.317,0.123-0.794,0.27-1.671,0.31c-0.949,0.043-1.233,0.052-3.637,0.052 s-2.688-0.009-3.637-0.052c-0.877-0.04-1.354-0.187-1.671-0.31c-0.42-0.163-0.72-0.358-1.035-0.673 c-0.315-0.315-0.51-0.615-0.673-1.035c-0.123-0.317-0.27-0.794-0.31-1.671C4.631,14.688,4.622,14.403,4.622,12 s0.009-2.688,0.052-3.637c0.04-0.877,0.187-1.354,0.31-1.671c0.163-0.42,0.358-0.72,0.673-1.035 c0.315-0.315,0.615-0.51,1.035-0.673c0.317-0.123,0.794-0.27,1.671-0.31C9.312,4.631,9.597,4.622,12,4.622 M12,3 C9.556,3,9.249,3.01,8.289,3.054C7.331,3.098,6.677,3.25,6.105,3.472C5.513,3.702,5.011,4.01,4.511,4.511 c-0.5,0.5-0.808,1.002-1.038,1.594C3.25,6.677,3.098,7.331,3.054,8.289C3.01,9.249,3,9.556,3,12c0,2.444,0.01,2.751,0.054,3.711 c0.044,0.958,0.196,1.612,0.418,2.185c0.23,0.592,0.538,1.094,1.038,1.594c0.5,0.5,1.002,0.808,1.594,1.038 c0.572,0.222,1.227,0.375,2.185,0.418C9.249,20.99,9.556,21,12,21s2.751-0.01,3.711-0.054c0.958-0.044,1.612-0.196,2.185-0.418 c0.592-0.23,1.094-0.538,1.594-1.038c0.5-0.5,0.808-1.002,1.038-1.594c0.222-0.572,0.375-1.227,0.418-2.185 C20.99,14.751,21,14.444,21,12s-0.01-2.751-0.054-3.711c-0.044-0.958-0.196-1.612-0.418-2.185c-0.23-0.592-0.538-1.094-1.038-1.594 c-0.5-0.5-1.002-0.808-1.594-1.038c-0.572-0.222-1.227-0.375-2.185-0.418C14.751,3.01,14.444,3,12,3L12,3z M12,7.378 c-2.552,0-4.622,2.069-4.622,4.622S9.448,16.622,12,16.622s4.622-2.069,4.622-4.622S14.552,7.378,12,7.378z M12,15 c-1.657,0-3-1.343-3-3s1.343-3,3-3s3,1.343,3,3S13.657,15,12,15z M16.804,6.116c-0.596,0-1.08,0.484-1.08,1.08 s0.484,1.08,1.08,1.08c0.596,0,1.08-0.484,1.08-1.08S17.401,6.116,16.804,6.116z\"><\/path><\/svg><span class=\"wp-block-social-link-label screen-reader-text\">Instagram<\/span><\/a><\/li>\n\n\n\n<\/ul>\n\n\n\n<p><strong><span class=\"has-inline-color has-vivid-cyan-blue-color\">\u201dKommande\u201d aktiviteter:<\/span><\/strong><br>P\u00e5 grund av p\u00e5g\u00e5ende Corona tvingas vi \u00e4ven st\u00e4lla in v\u00e5r \u00e5rliga After Work samt Be-Ge Veteran i september. Vi hoppas att det snart g\u00e5r tillbaka till det normala igen s\u00e5 vi \u00e5ter kan starta med v\u00e5ra tr\u00e4ffar.<br>Dock k\u00f6r vi:<br><strong><span class=\"has-inline-color has-vivid-cyan-blue-color\">1\/9-20 kl. 09-19:<\/span> <\/strong>S\u00e4ljmingel i Visby med Mikael &amp; Jonatan. Vi h\u00e4lsar Jonatan Gadd v\u00e4lkommen till oss med \u201ds\u00e4ljmingel\u201d under hela tisdagen den 1 september p\u00e5 verkstaden, Lundbygatan Visby. Gott tilltugg &#8211; V\u00e4lkomna!<br><br><strong><span class=\"has-inline-color has-vivid-cyan-blue-color\">V45:<\/span><\/strong> YKB i Vetlanda alla moduler.<br><strong><span class=\"has-inline-color has-vivid-cyan-blue-color\">V46:<\/span><\/strong> YKB i Visby alla moduler.<\/p>\n\n\n\n<div class=\"wp-block-group\"><div class=\"wp-block-group__inner-container is-layout-flow wp-block-group-is-layout-flow\">\n<div class=\"wp-block-columns is-layout-flex wp-container-core-columns-is-layout-28f84493 wp-block-columns-is-layout-flex\">\n<div class=\"wp-block-column is-layout-flow wp-block-column-is-layout-flow\">\n<figure class=\"wp-block-image size-large\"><img decoding=\"async\" src=\"https:\/\/lb.be-ge.se\/wp-content\/uploads\/2020\/08\/brodin-606x1024.jpg\" alt=\"\" class=\"wp-image-7920\"\/><\/figure>\n\n\n\n<p class=\"has-text-color has-black-color\"><p class=\"has-black-color has-text-color\" style=\"font-size:18px\"><\/p><\/p>\n<\/div>\n\n\n\n<div class=\"wp-block-column is-layout-flow wp-block-column-is-layout-flow\">\n<p><strong><span class=\"has-inline-color has-vivid-cyan-blue-color\">V\u00e4lkommen till Be-Ge:<\/span><\/strong><br>Mikael Brodin l\u00e4mnar \u00f6ver till Jonatan Gadd.<\/p>\n\n\n\n<p>Jonatan Gadd eftertr\u00e4der Mikael Brodin som s\u00e4ljare p\u00e5 Gotland. Mikael kommer bli ansvarig f\u00f6r v\u00e5rt nya Center f\u00f6r Begagnade Fordon i Hulstfred vilket vi k\u00f6r ig\u00e5ng i h\u00f6st. Mikael och Jonatan ska jobba bredvid varandra under h\u00f6st\/vinter\/v\u00e5r s\u00e5 att \u00f6verg\u00e5ngen blir s\u00e5 bra som m\u00f6jlig f\u00f6r<br>alla samt ge Jonatan en bra start. Vi g\u00f6r detta f\u00f6r att vara mer lokalt<br>n\u00e4rvarande p\u00e5 Gotland samtidigt som vi f\u00f6rb\u00e4ttrar v\u00e5r begagnatf\u00f6rs\u00e4ljning<br>vilken koncentreras till Hultsfred. I Hultsfred kommer vi ha ett 20 tal<br>begagnade fordon samt i m\u00f6jligaste m\u00e5n \u00e4ven nya demonstrationsbilar\/-<br>sl\u00e4p. Just nu planerar vi f\u00f6r att g\u00f6ra i ordning ytor och kontor med mera.<br>Jonatan kommer n\u00e4rmast fr\u00e5n familjef\u00f6retaget Gadds \u00c5keri\/Gadds<br>Buss och har erfarenhet av b\u00e5de buss och lastbil.<\/p>\n\n\n\n<p><strong>V\u00e4lkomna till \u201ds\u00e4ljmingel\u201d f\u00f6r att tr\u00e4ffa Jonatan och Mikael samt<\/strong> <strong>\u00e4ven Michael Lars\u00e9n och Tomas Engsund, tisdagen 1\/9 kl. 09-19.<\/strong><\/p>\n<\/div>\n<\/div>\n\n\n\n<figure class=\"wp-block-image size-large\"><img decoding=\"async\" src=\"https:\/\/lb.be-ge.se\/wp-content\/uploads\/2020\/08\/Be-Ge-Nytt-augusti-2020-1024x560.jpg\" alt=\"\" class=\"wp-image-7921\"\/><\/figure>\n<\/div><\/div>\n\n\n\n<p><strong>Vi v\u00e4lkomnar ocks\u00e5 f\u00f6ljande nya personer till Be-Ge:<\/strong><br><br><strong><span class=\"has-inline-color has-vivid-cyan-blue-color\">Vetlanda: <\/span><\/strong><br><strong>Tomas Gustavsson<\/strong> bussmekaniker,<br><strong>Elias Wiger <\/strong>and <strong>Eddie Gr\u00e4nsmark<\/strong> b\u00e5da Lastbilsmekaniker.<br><strong>David Viktorsson<\/strong> tar \u00f6ver rodret p\u00e5 verkstad Vetlanda n\u00e4r han<br>ers\u00e4tter <strong>Joachim H\u00e5kansson<\/strong> som g\u00e5r till f\u00f6rsvaret.<br><br><strong><span class=\"has-inline-color has-vivid-cyan-blue-color\">Oskarshamn: <\/span><\/strong><br><strong>Andreas Nilsson<\/strong> ny lastbilsmekaniker.<br><strong>Jeanette Jonsson<\/strong> ny ekonomi-\/l\u00f6neadministrat\u00f6r.<\/p>\n\n\n\n<h4 class=\"wp-block-heading\"><span class=\"has-inline-color has-vivid-cyan-blue-color\">Teckna underh\u00e5lls-\/tillsynsavtal med oss:<\/span><\/h4>\n\n\n\n<ul class=\"wp-block-list\"><li>Underh\u00e5lls-\/tillsynsavtal hj\u00e4lper vi dig att h\u00e5lla reda p\u00e5 n\u00e4r tillsynerna skall g\u00f6ras, och kontaktar DIG i god tid innan det \u00e4r dags.<\/li><li>Underh\u00e5llet blir billigare med avtal \u00e4n utan.<\/li><li> R\u00e4tt underh\u00e5ll, \u00e4ven om driften f\u00f6r\u00e4ndras, skr\u00e4ddasytt efter ditt behov.<\/li><li> Du minimerar risken f\u00f6r on\u00f6diga driftstopp och en b\u00e4ttre uptime mot kund<\/li><li>Kostnaden p\u00e5 hela avtalstiden f\u00f6rdelas p\u00e5 de m\u00e5nader som avtalet str\u00e4cker sig. Med en m\u00e5nadsfaktura vet du vad bilen kostar i underh\u00e5ll.<\/li><li>Max24 ing\u00e5r och \u00e4r en stillest\u00e5ndsgaranti som g\u00e4ller vid akuta driftstopp.<\/li><li>Med tr\u00e5dl\u00f6s nedladdning av f\u00e4rdskrivardata f\u00f6renklas vardagen och sparar tid. Vi g\u00f6r detta \u00e5t dig. All data sparas i din portalplats.<\/li><li>Med uppkopplade f\u00e4rdskrivartj\u00e4nster och aktiva tillsynsavtal sparar vi b\u00e5de tid, pengar och milj\u00f6n.<\/li><\/ul>\n\n\n\n<p><strong>Vill du<\/strong> veta mer om v\u00e5ra avtal och tj\u00e4nster, eller vill du ha en offert som \u00e4r<br>skr\u00e4ddasydd efter din k\u00f6rning och mil s\u00e5 ring <strong>H\u00e5kan Berg<\/strong> (\u00e4ven Gotland n\u00e4rHenning \u00e4r pappaledig) p\u00e5 <strong>0383-467321.<\/strong><\/p>\n\n\n\n<p>Vi p\u00e5 Be-Ge Lastbilar \u00f6nskar er alla en bra start p\u00e5 \u201dh\u00f6stterminen\u201d, vi ses!<br><span class=\"has-inline-color has-vivid-cyan-blue-color\">Be-Ge Lastbilar AB \/ T Engsund<\/span><\/p>","protected":false},"excerpt":{"rendered":"<p>Ett nyhetsbrev fr\u00e5n Be-Ge Lastbilar AB \u2013 augusti 2020 V\u00c5RA \u00d6PPETTIDERG\u00e4ller 17\/8-20 &#8211; 19\/12-20 Oskarshamn 0491-761530\/ Vetlanda 0383-467320M\u00e5ndag &#8211; Torsdag 07.00 \u2013 18.00Fredag 07.00 \u2013 16.00L\u00f6rdag Vetlanda 07.00 \u2013 12.30L\u00f6rdag O-hamn 07.00 \u2013 13.30 Hultsfred 0495-12060-12060M\u00e5ndag &#8211; Fredag 07.00 \u2013 16.00L\u00f6rdag j\u00e4mna veckor 07.00 &#8211; 12.30 Visby 0498-691450M\u00e5ndag och Fredag 06.45 \u2013 16.00Tisdag \u2013 Torsdag [&hellip;]<\/p>\n","protected":false},"author":1,"featured_media":0,"comment_status":"closed","ping_status":"closed","sticky":false,"template":"","format":"standard","meta":{"_acf_changed":false,"footnotes":""},"categories":[32],"tags":[],"class_list":["post-9332","post","type-post","status-publish","format-standard","hentry","category-nyheter"],"acf":[],"_links":{"self":[{"href":"https:\/\/be-ge.se\/en\/wp-json\/wp\/v2\/posts\/9332","targetHints":{"allow":["GET"]}}],"collection":[{"href":"https:\/\/be-ge.se\/en\/wp-json\/wp\/v2\/posts"}],"about":[{"href":"https:\/\/be-ge.se\/en\/wp-json\/wp\/v2\/types\/post"}],"author":[{"embeddable":true,"href":"https:\/\/be-ge.se\/en\/wp-json\/wp\/v2\/users\/1"}],"replies":[{"embeddable":true,"href":"https:\/\/be-ge.se\/en\/wp-json\/wp\/v2\/comments?post=9332"}],"version-history":[{"count":0,"href":"https:\/\/be-ge.se\/en\/wp-json\/wp\/v2\/posts\/9332\/revisions"}],"wp:attachment":[{"href":"https:\/\/be-ge.se\/en\/wp-json\/wp\/v2\/media?parent=9332"}],"wp:term":[{"taxonomy":"category","embeddable":true,"href":"https:\/\/be-ge.se\/en\/wp-json\/wp\/v2\/categories?post=9332"},{"taxonomy":"post_tag","embeddable":true,"href":"https:\/\/be-ge.se\/en\/wp-json\/wp\/v2\/tags?post=9332"}],"curies":[{"name":"wp","href":"https:\/\/api.w.org\/{rel}","templated":true}]}}