{"id":9292,"date":"2020-01-28T13:04:54","date_gmt":"2020-01-28T12:04:54","guid":{"rendered":"http:\/\/be-ge.se\/be-ge-lastbilar-ab-kundmote-inbjudan-till-alla-orter\/"},"modified":"2020-01-28T13:04:54","modified_gmt":"2020-01-28T12:04:54","slug":"be-ge-lastbilar-ab-kundmote-inbjudan-till-alla-orter","status":"publish","type":"post","link":"https:\/\/be-ge.se\/en\/be-ge-lastbilar-ab-kundmote-inbjudan-till-alla-orter\/","title":{"rendered":"Be-Ge Lastbilar AB, Kundm\u00f6te &#8211; Inbjudan till alla orter"},"content":{"rendered":"<figure class=\"wp-block-image size-large is-resized\"><a href=\"http:\/\/media.be-ge.se\/?r=2531\" target=\"_blank\" rel=\"noreferrer noopener\"><img fetchpriority=\"high\" decoding=\"async\" src=\"https:\/\/be-ge.se\/wp-content\/uploads\/2020\/01\/Be-Gekundm\u00f6te_allaorter2020-1-724x1024.jpg\" alt=\"\" class=\"wp-image-8287\" width=\"440\" height=\"622\"\/><\/a><figcaption><a href=\"http:\/\/media.be-ge.se\/?r=2531\" target=\"_blank\" rel=\"noreferrer noopener\" aria-label=\"Ladda ner inbjudan h\u00e4r (opens in a new tab)\">Ladda ner inbjudan h\u00e4r<\/a><\/figcaption><\/figure>\n\n\n\n<p><strong>INBJUDAN TILL ALLA ORTER<\/strong><br>Be-Ge Kundm\u00f6ten med tema H\u00e5llbarhet 2020.<\/p>\n\n\n\n<p style=\"color:#41a1da\" class=\"has-text-color\">H\u00e5llbara transporter i Oskarshamn, Visby\/Roma, Vetlanda och Hultsfred februari och mars 2020. <\/p>\n\n\n\n<p>V\u00e4lkomna till en kv\u00e4ll med tema H\u00e5llbarhet och hur Scania ser framtiden an. Hur kommer v\u00e5r vardag att f\u00f6r\u00e4ndras inom transporter och hur kommer v\u00e5ra bilar, bussar och lastbilar utvecklas de kommande 10 \u00e5ren?  <\/p>\n\n\n\n<p><strong>Oskarshamn:<\/strong> Ons den 5\/2 kl. 17.00 &#8211; 20.30 (OBS tiden, skiljer sig till de andra tr\u00e4ffarna). <br><strong>Plats:<\/strong> S\u00f6dra Fabriksgatan 12 i Skodahallen, Oskarshamn. Volkswagen\/Skoda deltar \u00e4ven. <\/p>\n\n\n\n<p><strong>Visby\/Roma:<\/strong> Ons den 12\/5 kl. 18.00-21.00 i Visby\/Roma. <br><strong>Plats:<\/strong> Gotland Gr\u00f6nt Centrum, Roma. <\/p>\n\n\n\n<p><strong>Vetlanda:<\/strong> Ons den 19\/2 kl. 18.00-21.00 i Vetlanda. <br><strong>Plats:<\/strong> Be-Ge Lastbilar AB i Vetlanda, Verkstadsgatan 2. <\/p>\n\n\n\n<p><strong>Hultsfred:<\/strong> Ons den 4\/3 kl. 18.00-21.00 i Hultsfred. <br><strong>Plats:<\/strong> Be-Ge Lastbilar AB i Hultsfred, Skotarev\u00e4gen&nbsp;1.<\/p>\n\n\n\n<p><strong>Program: <\/strong><br><strong>18.00<\/strong> (Ohamn kl. 17.00) Vi b\u00f6rjar med l\u00e4tt f\u00f6rt\u00e4ring\/kaffe<br><strong>18.30<\/strong> V\u00e4lkomna och information av Be-Ge d\u00e4refter H\u00e5llbara Transporter med Henrik Dahlsson fr\u00e5n Scania Sverige och Nyheter fr\u00e5n Scania med Peter Andersson, Scania Sverige. <br><strong>21.00<\/strong> (Ohamn kl. 20.30) Avslutning<\/p>\n\n\n\n<p style=\"color:#41a1da\" class=\"has-text-color\">Varmt v\u00e4lkomna till en sp\u00e4nnande kv\u00e4ll. Anm\u00e4lan senast fredagen innan respektive kundm\u00f6te \u00e4ger rum, till din kontakt hos oss. V\u00e4lkomna! <strong> <\/strong><\/p>\n\n\n\n<p><strong>Kontakta <a href=\"https:\/\/lb.be-ge.se\/kontakta-oss\/medarbetare\/\" target=\"_blank\" rel=\"noreferrer noopener\" aria-label=\"oss (opens in a new tab)\">oss<\/a> f\u00f6r fr\u00e5gor eller anm\u00e4lan<\/strong>:<br><br><strong>Tomas Engsund<\/strong> <br>Vd<br>0491-761501 <br>tomas.engsund@bil.be-ge.se<\/p>\n\n\n\n<p><strong>Thomas Olofsson  <\/strong><br>Salesperson <br>0491-761520 <br>thomas.olofsson@bil.be-ge.se<\/p>\n\n\n\n<p><strong>Mikael Brodin <\/strong><br>Salesperson <br>0498-691461 <br>mikael.brodin@bil.be-ge.se<\/p>\n\n\n\n<p><strong>Bo Sv\u00e4rd   <\/strong><br>Salesperson <br>0383-467319 <br>bo.svard@bil.be-ge.<\/p>\n\n\n\n<p style=\"color:#41a1da\" class=\"has-text-color\">Hoppas vi ses! <br>\/ <strong>Be-Ge Lastbilar AB <\/strong><\/p>\n\n\n<p><!--EndFragment--><br \/><br \/><\/p>","protected":false},"excerpt":{"rendered":"<p>INBJUDAN TILL ALLA ORTERBe-Ge Kundm\u00f6ten med tema H\u00e5llbarhet 2020. H\u00e5llbara transporter i Oskarshamn, Visby\/Roma, Vetlanda och Hultsfred februari och mars 2020. V\u00e4lkomna till en kv\u00e4ll med tema H\u00e5llbarhet och hur Scania ser framtiden an. Hur kommer v\u00e5r vardag att f\u00f6r\u00e4ndras inom transporter och hur kommer v\u00e5ra bilar, bussar och lastbilar utvecklas de kommande 10 \u00e5ren? [&hellip;]<\/p>\n","protected":false},"author":1,"featured_media":0,"comment_status":"closed","ping_status":"closed","sticky":false,"template":"","format":"standard","meta":{"_acf_changed":false,"footnotes":""},"categories":[32],"tags":[],"class_list":["post-9292","post","type-post","status-publish","format-standard","hentry","category-nyheter"],"acf":[],"_links":{"self":[{"href":"https:\/\/be-ge.se\/en\/wp-json\/wp\/v2\/posts\/9292","targetHints":{"allow":["GET"]}}],"collection":[{"href":"https:\/\/be-ge.se\/en\/wp-json\/wp\/v2\/posts"}],"about":[{"href":"https:\/\/be-ge.se\/en\/wp-json\/wp\/v2\/types\/post"}],"author":[{"embeddable":true,"href":"https:\/\/be-ge.se\/en\/wp-json\/wp\/v2\/users\/1"}],"replies":[{"embeddable":true,"href":"https:\/\/be-ge.se\/en\/wp-json\/wp\/v2\/comments?post=9292"}],"version-history":[{"count":0,"href":"https:\/\/be-ge.se\/en\/wp-json\/wp\/v2\/posts\/9292\/revisions"}],"wp:attachment":[{"href":"https:\/\/be-ge.se\/en\/wp-json\/wp\/v2\/media?parent=9292"}],"wp:term":[{"taxonomy":"category","embeddable":true,"href":"https:\/\/be-ge.se\/en\/wp-json\/wp\/v2\/categories?post=9292"},{"taxonomy":"post_tag","embeddable":true,"href":"https:\/\/be-ge.se\/en\/wp-json\/wp\/v2\/tags?post=9292"}],"curies":[{"name":"wp","href":"https:\/\/api.w.org\/{rel}","templated":true}]}}