{"id":9285,"date":"2020-01-03T07:27:21","date_gmt":"2020-01-03T06:27:21","guid":{"rendered":"http:\/\/be-ge.se\/be-ge-lastbilar-personbilar-ab-anmalan-till-be-ge-hallbarhet-senast-24-1-20\/"},"modified":"2020-01-03T07:27:21","modified_gmt":"2020-01-03T06:27:21","slug":"be-ge-lastbilar-personbilar-ab-anmalan-till-be-ge-hallbarhet-senast-24-1-20","status":"publish","type":"post","link":"https:\/\/be-ge.se\/en\/be-ge-lastbilar-personbilar-ab-anmalan-till-be-ge-hallbarhet-senast-24-1-20\/","title":{"rendered":"Be-Ge Lastbilar\/Personbilar AB, Anm\u00e4lan till Be-Ge H\u00e5llbarhet senast 24\/1-20"},"content":{"rendered":"<figure class=\"wp-block-image size-large is-resized\"><img fetchpriority=\"high\" decoding=\"async\" src=\"https:\/\/be-ge.se\/wp-content\/uploads\/2019\/10\/inbjudan_h\u00e5llbarhet-722x1024.jpg\" alt=\"\" class=\"wp-image-7908\" width=\"528\" height=\"748\"\/><\/figure>\n\n\n\n<p><strong>Inbjudan till Be-Ge H\u00e5llbarhet fr\u00e5n Be-Ge Personbilar\/Lastbilar AB<\/strong><\/p>\n\n\n\n<h4 class=\"wp-block-heading\">H\u00e5llbara transporter och framtidens fordon<\/h4>\n\n\n\n<p>V\u00e4lkomna till en kv\u00e4ll med tema H\u00e5llbarhet inom fordonsindustrin. Be-Ge fyller 85 \u00e5r i h\u00f6st och vi blickar fram\u00e5t. Hur kommer v\u00e5r vardag att f\u00f6r\u00e4ndras inom transporter och hur kommer v\u00e5ra bilar, bussar och lastbilar utvecklas de kommande 10 \u00e5ren?<br>Vi ska f\u00f6rs\u00f6ka redovisa hur v\u00e5ra samarbetspartners Scania och Volkswagen ser p\u00e5 utvecklingen samt vilka produkter, br\u00e4nslen, anv\u00e4ndning med mera som f\u00f6rv\u00e4ntas.<\/p>\n\n\n\n<p><strong>Plats:&nbsp;<\/strong>Be-Ge Personbilar Skodahallen, Oskarshamn<br><strong>Tid:<\/strong>&nbsp;Onsdag den 5 februari kl. 17.00 \u2013 20.30<br><strong>Program:<\/strong><br>17.00 \u2013 17.15 V\u00e4lkomna till Be-Ge: Peter Ek \/ Tomas Engsund<br>17.15 \u2013 18.30 H\u00e5llbara Transporter Henrik Dahlsson Scania Sverige<br>18.30 \u2013 19.00 Kaffe och tilltugg<br>19.00 \u2013 20.30 H\u00e5llbara bilar via VW Henrik Str\u00f6m, Volkswagen Sverige<br>20.30 Avslutning<\/p>\n\n\n\n<p class=\"has-text-color has-vivid-red-color\"><strong>Varmt v\u00e4lkomna till en sp\u00e4nnande kv\u00e4ll. Anm\u00e4lan senast fredag den 24 januari via mail eller telefon nedan.<\/strong><\/p>\n\n\n\n<p><strong>Be-Ge Lastbilar AB<br><\/strong>Tomas Engsund<br>CEO<br>0491 \u2013 76 15 01<br><a href=\"https:\/\/lb.be-ge.se\/kontakta-oss\/kontaktformular-tomas-engsund\/\">Skicka E-postmeddelande<\/a><\/p>\n\n\n\n<p><strong>Be-Ge Personbilar AB<\/strong><br>Peter Ek<br>CEO<br>0491 \u2013 76 15 26<br><a href=\"https:\/\/pb.be-ge.se\/kontaktformular-peter-ek\/\">Skicka E-postmeddelande<\/a><br><\/p>","protected":false},"excerpt":{"rendered":"<p>Inbjudan till Be-Ge H\u00e5llbarhet fr\u00e5n Be-Ge Personbilar\/Lastbilar AB H\u00e5llbara transporter och framtidens fordon V\u00e4lkomna till en kv\u00e4ll med tema H\u00e5llbarhet inom fordonsindustrin. Be-Ge fyller 85 \u00e5r i h\u00f6st och vi blickar fram\u00e5t. Hur kommer v\u00e5r vardag att f\u00f6r\u00e4ndras inom transporter och hur kommer v\u00e5ra bilar, bussar och lastbilar utvecklas de kommande 10 \u00e5ren?Vi ska f\u00f6rs\u00f6ka [&hellip;]<\/p>\n","protected":false},"author":1,"featured_media":0,"comment_status":"closed","ping_status":"closed","sticky":false,"template":"","format":"standard","meta":{"_acf_changed":false,"footnotes":""},"categories":[32],"tags":[],"class_list":["post-9285","post","type-post","status-publish","format-standard","hentry","category-nyheter"],"acf":[],"_links":{"self":[{"href":"https:\/\/be-ge.se\/en\/wp-json\/wp\/v2\/posts\/9285","targetHints":{"allow":["GET"]}}],"collection":[{"href":"https:\/\/be-ge.se\/en\/wp-json\/wp\/v2\/posts"}],"about":[{"href":"https:\/\/be-ge.se\/en\/wp-json\/wp\/v2\/types\/post"}],"author":[{"embeddable":true,"href":"https:\/\/be-ge.se\/en\/wp-json\/wp\/v2\/users\/1"}],"replies":[{"embeddable":true,"href":"https:\/\/be-ge.se\/en\/wp-json\/wp\/v2\/comments?post=9285"}],"version-history":[{"count":0,"href":"https:\/\/be-ge.se\/en\/wp-json\/wp\/v2\/posts\/9285\/revisions"}],"wp:attachment":[{"href":"https:\/\/be-ge.se\/en\/wp-json\/wp\/v2\/media?parent=9285"}],"wp:term":[{"taxonomy":"category","embeddable":true,"href":"https:\/\/be-ge.se\/en\/wp-json\/wp\/v2\/categories?post=9285"},{"taxonomy":"post_tag","embeddable":true,"href":"https:\/\/be-ge.se\/en\/wp-json\/wp\/v2\/tags?post=9285"}],"curies":[{"name":"wp","href":"https:\/\/api.w.org\/{rel}","templated":true}]}}