{"id":9282,"date":"2019-12-13T14:40:15","date_gmt":"2019-12-13T13:40:15","guid":{"rendered":"http:\/\/be-ge.se\/den-13-december-st-lucia\/"},"modified":"2019-12-13T14:40:15","modified_gmt":"2019-12-13T13:40:15","slug":"den-13-december-st-lucia","status":"publish","type":"post","link":"https:\/\/be-ge.se\/en\/den-13-december-st-lucia\/","title":{"rendered":"Den 13 december \u2013 St. Lucia"},"content":{"rendered":"<figure class=\"wp-block-image size-large\"><img decoding=\"async\" src=\"https:\/\/be-ge.se\/wp-content\/uploads\/2019\/12\/20191213_091740.jpg\" alt=\"\" class=\"wp-image-8138\"\/><\/figure>\n\n\n\n<figure class=\"wp-block-image size-large\"><img decoding=\"async\" src=\"https:\/\/be-ge.se\/wp-content\/uploads\/2019\/12\/20191213_091714.jpg\" alt=\"\" class=\"wp-image-8140\"\/><\/figure>\n\n\n\n<p>I Sverige markerar Luciadagen b\u00f6rjan p\u00e5 Julfirandet. Vi firade Luciadagen p\u00e5 Be-Ge Baltic och v\u00e4lkomnade \u00e5terv\u00e4ndande ljuset. Det sj\u00f6ngs traditionella svenska juls\u00e5nger, doftade gl\u00f6gg och nygr\u00e4ddade lussekatter. Vi tackar alla medarbetare som skapade denna festliga stund! Tack till v\u00e5ra sociala partners: underbara Susanna Karosas och Natalja Roman\u010dik, KU studentskor Ieva och Morta tillsammans med sin spr\u00e5kl\u00e4rare Virginija Jurgaityte f\u00f6r levande musik och juls\u00e5nger.<\/p>","protected":false},"excerpt":{"rendered":"<p>I Sverige markerar Luciadagen b\u00f6rjan p\u00e5 Julfirandet. Vi firade Luciadagen p\u00e5 Be-Ge Baltic och v\u00e4lkomnade \u00e5terv\u00e4ndande ljuset. Det sj\u00f6ngs traditionella svenska juls\u00e5nger, doftade gl\u00f6gg och nygr\u00e4ddade lussekatter. Vi tackar alla medarbetare som skapade denna festliga stund! Tack till v\u00e5ra sociala partners: underbara Susanna Karosas och Natalja Roman\u010dik, KU studentskor Ieva och Morta tillsammans med sin [&hellip;]<\/p>\n","protected":false},"author":1,"featured_media":0,"comment_status":"closed","ping_status":"closed","sticky":false,"template":"","format":"standard","meta":{"_acf_changed":false,"footnotes":""},"categories":[32],"tags":[],"class_list":["post-9282","post","type-post","status-publish","format-standard","hentry","category-nyheter"],"acf":[],"_links":{"self":[{"href":"https:\/\/be-ge.se\/en\/wp-json\/wp\/v2\/posts\/9282","targetHints":{"allow":["GET"]}}],"collection":[{"href":"https:\/\/be-ge.se\/en\/wp-json\/wp\/v2\/posts"}],"about":[{"href":"https:\/\/be-ge.se\/en\/wp-json\/wp\/v2\/types\/post"}],"author":[{"embeddable":true,"href":"https:\/\/be-ge.se\/en\/wp-json\/wp\/v2\/users\/1"}],"replies":[{"embeddable":true,"href":"https:\/\/be-ge.se\/en\/wp-json\/wp\/v2\/comments?post=9282"}],"version-history":[{"count":0,"href":"https:\/\/be-ge.se\/en\/wp-json\/wp\/v2\/posts\/9282\/revisions"}],"wp:attachment":[{"href":"https:\/\/be-ge.se\/en\/wp-json\/wp\/v2\/media?parent=9282"}],"wp:term":[{"taxonomy":"category","embeddable":true,"href":"https:\/\/be-ge.se\/en\/wp-json\/wp\/v2\/categories?post=9282"},{"taxonomy":"post_tag","embeddable":true,"href":"https:\/\/be-ge.se\/en\/wp-json\/wp\/v2\/tags?post=9282"}],"curies":[{"name":"wp","href":"https:\/\/api.w.org\/{rel}","templated":true}]}}