{"id":9275,"date":"2019-12-02T10:20:26","date_gmt":"2019-12-02T09:20:26","guid":{"rendered":"http:\/\/be-ge.se\/be-ge-lastbilar-ab-be-ge-nytt-november-2019\/"},"modified":"2019-12-02T10:20:26","modified_gmt":"2019-12-02T09:20:26","slug":"be-ge-lastbilar-ab-be-ge-nytt-november-2019","status":"publish","type":"post","link":"https:\/\/be-ge.se\/en\/be-ge-lastbilar-ab-be-ge-nytt-november-2019\/","title":{"rendered":"Be-Ge Lastbilar AB, Be-Ge Nytt november 2019"},"content":{"rendered":"<figure class=\"wp-block-image size-large is-resized\"><a href=\"http:\/\/media.be-ge.se\/?r=2523\" target=\"_blank\" rel=\"noreferrer noopener\"><img fetchpriority=\"high\" decoding=\"async\" src=\"https:\/\/be-ge.se\/wp-content\/uploads\/2019\/12\/Be-Genytt_november-945x1024.jpg\" alt=\"\" class=\"wp-image-7991\" width=\"527\" height=\"571\"\/><\/a><figcaption><a href=\"http:\/\/media.be-ge.se\/?r=2523\">Ladda ner pdf h\u00e4r <\/a><\/figcaption><\/figure>\n\n\n\n<p style=\"color:#e94a34\" class=\"has-text-color\"><strong>\u00d6PPETTIDER JUL \/ NY\u00c5R<\/strong><br><strong>23\/12-19 \u2013 7\/1-20<\/strong><\/p>\n\n\n\n<p style=\"color:#e94a34\" class=\"has-text-color\">Oskarshamn \u2013 Hultsfred \u2013 Vetlanda \u2013 Visby<br>M\u00e5ndag \u2013 Fredag&nbsp;&nbsp;&nbsp;<strong>07.00 \u2013 16.00<\/strong><br><\/p>\n\n\n\n<p style=\"color:#41a1da\" class=\"has-text-color\"><strong>Vart tog h\u00f6sten v\u00e4gen?<\/strong><\/p>\n\n\n\n<p>Just i detta nu har f\u00f6rsta sn\u00f6n fallit och det blev direkt mycket ljusare. Vi hoppas den ligger kvar i december, men samtidigt undrar man var h\u00f6sten tog v\u00e4gen?<\/p>\n\n\n\n<p><strong>H\u00e5llbara transporter<\/strong>&nbsp;pratas det mycket om nu och det har \u00f6kat markant senaste \u00e5ret. Vi kommer ha tr\u00e4ffar p\u00e5 alla st\u00e4llen med tema H\u00e5llbarhet och hur Scania ser p\u00e5 utveckling av br\u00e4nslen och drivlinor. Det vi kan ana \u00e4r att inom 10 \u00e5r f\u00f6r\u00e4ndras f\u00e5r bransch rej\u00e4lt d\u00e4r vi f\u00e5r vara beredda p\u00e5 att leva och anv\u00e4nda fordon av flera olika br\u00e4nsletyper f\u00f6r att \u00f6verleva. Allt fr\u00e5n diesel, HVO, RME, Gas, Biogas, V\u00e4tgas, Hybrid till ren Eldrift. V\u00e4lkomna till v\u00e5ra tr\u00e4ffar i februari till mars f\u00f6r att lyssna p\u00e5 var vi st\u00e5r idag och de n\u00e4rmsta \u00e5ren.<\/p>\n\n\n\n<p><strong>Nya F\u00f6retagskort<\/strong>&nbsp;\u00e4r n\u00f6dv\u00e4ndigt att best\u00e4lla p\u00e5 grund av \u00e4ndrade kortnummer p\u00e5 f\u00f6retagskorten. Ni ska ha f\u00e5tt utskick med beskrivning fr\u00e5n Transportstyrelsen s\u00e5 gl\u00f6m inte detta.<\/p>\n\n\n\n<p style=\"color:#41a1da\" class=\"has-text-color\"><strong>Kommande aktiviteter:<\/strong><\/p>\n\n\n\n<p><strong>10\/12&nbsp;&nbsp;&nbsp;&nbsp; F\u00f6rarcoachning&nbsp;<\/strong>i Visby kl 18 med Scania. Kontakat Henning.<br><strong>20\/12 &nbsp;&nbsp; Be-Ge julfrukost p\u00e5 v\u00e5ra verkst\u00e4der.&nbsp;<\/strong>V\u00e4lkomna mellan kl 9-10<br><strong>5\/2&nbsp;&nbsp; Be-Ge Kundm\u00f6te Oskarshamn med Tema H\u00e5llbarhet.&nbsp;<\/strong>Separat inbjudan kommer<strong>.<\/strong><br><strong>12\/2&nbsp;&nbsp;&nbsp;&nbsp;&nbsp;&nbsp; Be-Ge Kundm\u00f6te Visby.&nbsp;<\/strong>Separat inbjudan kommer<strong>.<\/strong><br><strong>19\/2 &nbsp;&nbsp;&nbsp;&nbsp;&nbsp; Be-Ge Kund-\/\u00c5karm\u00f6te Vetlanda.&nbsp;<\/strong>Separat inbjudan kommer<strong>.<\/strong><br><strong>4\/3&nbsp;&nbsp;&nbsp;&nbsp;&nbsp;&nbsp;&nbsp;&nbsp;&nbsp;Be-Ge Kund-\/\u00c5karm\u00f6te Hultsfred.&nbsp;<\/strong>Separat inbjudan kommer.<br><strong>20-22\/3 Be-Ge Kundweekend i S\u00f6dert\u00e4lje &amp; Stockholm.&nbsp;<\/strong>V\u00e5r 16:e studieresa. V\u00e4lkomna att f\u00f6lja med, se inbjudan p\u00e5 hemsida.<\/p>\n\n\n\n<p>Fler aktiviteter, nyheter mm se v\u00e5ra sociala medier och <a href=\"https:\/\/lb.be-ge.se\/foretaget\/english\/\">hemsida<\/a>.<\/p>\n\n\n\n<p style=\"color:#41a1da\" class=\"has-text-color\"><strong>Gl\u00f6m inte best\u00e4lla nya F\u00f6retagskort<\/strong><\/p>\n\n\n\n<p>Transportstyrelsen har \u00e4ndrat kortnummer p\u00e5 f\u00f6retagskorten. \u00c4ndringen leder till att ni beh\u00f6ver byta alla era f\u00f6retagskort samtidigt. F\u00f6retagskort kan best\u00e4llas fr\u00e5n och med vecka 49, ska enligt information vara kostnadsfritt s\u00e5 passa p\u00e5!<\/p>\n\n\n\n<p><strong>Innan&nbsp;<\/strong>ni l\u00e5ser f\u00e4rdskrivaren med det nya kortet&nbsp;<strong>kopiera med gamla f\u00f6retagskortet<\/strong>&nbsp;f\u00f6rst med OPTAC. \u00c4r ni os\u00e4kra kontakta H\u00e5kan eller Henning f\u00f6r mer info.<\/p>\n\n\n\n<ul class=\"wp-block-list\"><li>S\u00e4tt i det gamla f\u00f6retagskortet i f\u00e4rdskrivaren<\/li><li>Kopiera f\u00e4rdskrivaren med en OPTAC<\/li><li>S\u00e4tt i det nya f\u00f6retagskortet i f\u00e4rdskrivaren<\/li><li>L\u00e5s f\u00e4rdskrivaren med det nya f\u00f6retagskortet.<\/li><\/ul>\n\n\n\n<p>Har du tr\u00e5dl\u00f6s nedladdning s\u00e5 m\u00e5ste ett av de nya f\u00f6retagskorten vara i v\u00e5rt korthotell, s\u00e5 l\u00e4mna in ett nytt kort till din Be-Ge verkstad. Mer information finns p\u00e5 transportstyrelsen.se enligt det utskick ni f\u00e5tt hemskickat.<\/p>\n\n\n\n<p style=\"color:#41a1da\" class=\"has-text-color\"><strong>Kommande YKB \u2013 kurser hos Be-Ge:<\/strong><\/p>\n\n\n\n<p><strong>V9&nbsp;<\/strong>(24-28\/2) &nbsp; YKB i Visby<br><strong>V13 &nbsp;&nbsp;<\/strong>&nbsp;Ev. i Visby beroende p\u00e5 intresse.<br><strong>V14&nbsp;<\/strong>(30\/3-4\/4) YKB Vetlanda<\/p>\n\n\n\n<p>F\u00f6r mer information kontakta H\u00e5kan Berg,&nbsp;<strong>0383-467321<\/strong><br>eller Henning Johansson,&nbsp;<strong>0498-691473<\/strong>.<\/p>\n\n\n\n<p style=\"color:#41a1da\" class=\"has-text-color\"><strong>Bra pris p\u00e5 slitdelar SL\u00c4P hos Be-Ge<\/strong>:<\/p>\n\n\n\n<ul class=\"wp-block-list\"><li>Vi har alltid bra priser p\u00e5 SL\u00c4P jobb och har originaldelar i lager.<\/li><li>Vi har attraktiva paketpriser p\u00e5 bl.a. broms, luft och fj\u00e4der till ditt SL\u00c4P.<\/li><\/ul>\n\n\n\n<p>Kolla med oss \u2013 t\u00e5l att j\u00e4mf\u00f6ras!<\/p>\n\n\n\n<p style=\"color:#41a1da\" class=\"has-text-color\"><strong>Fyra punkter att minska Utgifter och \u00f6kad H\u00e5llbarhet:<\/strong><\/p>\n\n\n\n<ul class=\"wp-block-list\"><li><strong>Rena din hydraulolja fr\u00e5n vatten och partiklar ist\u00e4llet f\u00f6r att byta.&nbsp;<\/strong>Tillverkarna rek att man byter olja vart 3:e \u00e5r. (endast Vetlanda)<\/li><li><strong>G\u00f6r en axelm\u00e4tning p\u00e5 din bil eller ditt sl\u00e4p.<\/strong><\/li><li>Bespara b\u00e5de br\u00e4nsle, d\u00e4ck och milj\u00f6.<\/li><li><strong>Kontrollera dina bromsbel\u00e4gg och motionera dina bromsok p\u00e5 b\u00e5de bil och sl\u00e4p.&nbsp;<\/strong>Rulla l\u00e4tt besparar b\u00e5de br\u00e4nsle och milj\u00f6.<\/li><li><strong>Bromsprov p\u00e5 bil och sl\u00e4p.&nbsp;<\/strong>Att fordonet bromsar rakt g\u00f6r att bromsskivor, bromsok och d\u00e4ck slits mindre.<\/li><\/ul>\n\n\n\n<p>Kolla med oss vad mer vi kan hj\u00e4lpa dig med!<\/p>\n\n\n\n<p style=\"color:#41a1da\" class=\"has-text-color\"><strong>Leveransklara demobilar hos oss just nu:<\/strong><\/p>\n\n\n\n<ul class=\"wp-block-list\"><li>FLISEKIPAGE Scania R580 6\u00d72*4 med tillh\u00f6rande 5 axligt flissl\u00e4p. Byggnation Eksj\u00f6 Maskin &amp; Truck.<\/li><li>LASTV\u00c4XLARE Scania R520 8\u00d74\u20194 med HIAB 22 ton v\u00e4xlare<\/li><li>SKOGSBIL Scania R580 XT 6\u00d74<\/li><li>Lastv\u00e4xlarsl\u00e4p Kilafors 4 axligt Kilafors lastv\u00e4xlarsl\u00e4p<\/li><li>Timmersl\u00e4p Parator 5 axligt<\/li><li>Dessutom flera Attraktiva begagnade bilar och sl\u00e4p, h\u00f6r med oss f\u00f6rst!<\/li><\/ul>\n\n\n\n<p style=\"color:#41a1da\" class=\"has-text-color\"><strong>Ring Bosse eller Thomas eller Mikael s\u00e5 hj\u00e4lper vi dig!<\/strong><\/p>\n\n\n\n<p style=\"color:#e94a34\" class=\"has-text-color\"><strong>\u00d6nskar er alla en trevlig och givande december!<br>Vi alla p\u00e5 Be-Ge \/TE<\/strong><\/p>","protected":false},"excerpt":{"rendered":"<p>\u00d6PPETTIDER JUL \/ NY\u00c5R23\/12-19 \u2013 7\/1-20 Oskarshamn \u2013 Hultsfred \u2013 Vetlanda \u2013 VisbyM\u00e5ndag \u2013 Fredag&nbsp;&nbsp;&nbsp;07.00 \u2013 16.00 Vart tog h\u00f6sten v\u00e4gen? Just i detta nu har f\u00f6rsta sn\u00f6n fallit och det blev direkt mycket ljusare. Vi hoppas den ligger kvar i december, men samtidigt undrar man var h\u00f6sten tog v\u00e4gen? H\u00e5llbara transporter&nbsp;pratas det mycket om [&hellip;]<\/p>\n","protected":false},"author":1,"featured_media":0,"comment_status":"closed","ping_status":"closed","sticky":false,"template":"","format":"standard","meta":{"_acf_changed":false,"footnotes":""},"categories":[32],"tags":[],"class_list":["post-9275","post","type-post","status-publish","format-standard","hentry","category-nyheter"],"acf":[],"_links":{"self":[{"href":"https:\/\/be-ge.se\/en\/wp-json\/wp\/v2\/posts\/9275","targetHints":{"allow":["GET"]}}],"collection":[{"href":"https:\/\/be-ge.se\/en\/wp-json\/wp\/v2\/posts"}],"about":[{"href":"https:\/\/be-ge.se\/en\/wp-json\/wp\/v2\/types\/post"}],"author":[{"embeddable":true,"href":"https:\/\/be-ge.se\/en\/wp-json\/wp\/v2\/users\/1"}],"replies":[{"embeddable":true,"href":"https:\/\/be-ge.se\/en\/wp-json\/wp\/v2\/comments?post=9275"}],"version-history":[{"count":0,"href":"https:\/\/be-ge.se\/en\/wp-json\/wp\/v2\/posts\/9275\/revisions"}],"wp:attachment":[{"href":"https:\/\/be-ge.se\/en\/wp-json\/wp\/v2\/media?parent=9275"}],"wp:term":[{"taxonomy":"category","embeddable":true,"href":"https:\/\/be-ge.se\/en\/wp-json\/wp\/v2\/categories?post=9275"},{"taxonomy":"post_tag","embeddable":true,"href":"https:\/\/be-ge.se\/en\/wp-json\/wp\/v2\/tags?post=9275"}],"curies":[{"name":"wp","href":"https:\/\/api.w.org\/{rel}","templated":true}]}}