{"id":9202,"date":"2018-12-13T17:06:34","date_gmt":"2018-12-13T16:06:34","guid":{"rendered":"http:\/\/be-ge.se\/be-ge-baltic-uab-lucia-firande\/"},"modified":"2018-12-13T17:06:34","modified_gmt":"2018-12-13T16:06:34","slug":"be-ge-baltic-uab-lucia-firande","status":"publish","type":"post","link":"https:\/\/be-ge.se\/en\/be-ge-baltic-uab-lucia-firande\/","title":{"rendered":"Be-Ge Baltic UAB, Lucia firande"},"content":{"rendered":"<p><img fetchpriority=\"high\" decoding=\"async\" class=\"alignnone  wp-image-6133\" src=\"https:\/\/be-ge.se\/wp-content\/uploads\/2018\/12\/Lucia-Be-Ge.jpg\" alt=\"\" width=\"485\" height=\"647\" \/><\/p>\n<p>Den 13 december firade vi Lucia, en dag med gamla traditioner i Sverige, d\u00e5 ljuset returnerar och vintersolst\u00e5ndet n\u00e4rmar sig. F\u00f6r f\u00f6rsta g\u00e5ngen har Lucias\u00e5nger sjungits p\u00e5 svenska och presenterades av \u00e5k 1 studenter vid Klaip\u0117da universitet och elever vid Klaip\u0117da Vytautas Magnus gymnasieskola under en fikarast till v\u00e5r personal f\u00f6r att uppleva den vackra svenska traditionen. Tillsammans med Be-Ge Baltic styrelsemedlemmar och representanter f\u00f6r det svenska samfundet i Klaipeda region tittade vi det ljusb\u00e4rande Luciat\u00e5get, smakade p\u00e5 lussekatter som hade bakats av v\u00e5ra medarbetare och svenska pepparkakor. Ingemar Persson, en av koncern \u00e4garna, framf\u00f6rde ett tacktal och utryckte sin gl\u00e4dje \u00f6ver att Luciafirande kom \u00e4ven till Be-Ge Baltic samt till\u00f6nskade hela personalen och deras familjer en God Jul och Gott Nytt \u00c5r.<\/p>\n<p>&nbsp;<\/p>\n<p><img decoding=\"async\" class=\"alignnone  wp-image-6139\" src=\"https:\/\/be-ge.se\/wp-content\/uploads\/2018\/12\/20181213_0928210.jpg\" alt=\"\" width=\"718\" height=\"486\" \/><\/p>\n<p>&nbsp;<\/p>\n<p><img decoding=\"async\" class=\"alignnone  wp-image-6135\" src=\"https:\/\/be-ge.se\/wp-content\/uploads\/2018\/12\/20181213_090544.jpg\" alt=\"\" width=\"718\" height=\"440\" \/><\/p>\n<p>&nbsp;<\/p>\n<p><img loading=\"lazy\" decoding=\"async\" class=\"alignnone  wp-image-6137\" src=\"https:\/\/be-ge.se\/wp-content\/uploads\/2018\/12\/20181213_092036.jpg\" alt=\"\" width=\"713\" height=\"383\" \/><\/p>\n<p>&nbsp;<\/p>","protected":false},"excerpt":{"rendered":"<p>Den 13 december firade vi Lucia, en dag med gamla traditioner i Sverige, d\u00e5 ljuset returnerar och vintersolst\u00e5ndet n\u00e4rmar sig. F\u00f6r f\u00f6rsta g\u00e5ngen har Lucias\u00e5nger sjungits p\u00e5 svenska och presenterades av \u00e5k 1 studenter vid Klaip\u0117da universitet och elever vid Klaip\u0117da Vytautas Magnus gymnasieskola under en fikarast till v\u00e5r personal f\u00f6r att uppleva den vackra [&hellip;]<\/p>\n","protected":false},"author":1,"featured_media":0,"comment_status":"closed","ping_status":"closed","sticky":false,"template":"","format":"standard","meta":{"_acf_changed":false,"footnotes":""},"categories":[32],"tags":[],"class_list":["post-9202","post","type-post","status-publish","format-standard","hentry","category-nyheter"],"acf":[],"_links":{"self":[{"href":"https:\/\/be-ge.se\/en\/wp-json\/wp\/v2\/posts\/9202","targetHints":{"allow":["GET"]}}],"collection":[{"href":"https:\/\/be-ge.se\/en\/wp-json\/wp\/v2\/posts"}],"about":[{"href":"https:\/\/be-ge.se\/en\/wp-json\/wp\/v2\/types\/post"}],"author":[{"embeddable":true,"href":"https:\/\/be-ge.se\/en\/wp-json\/wp\/v2\/users\/1"}],"replies":[{"embeddable":true,"href":"https:\/\/be-ge.se\/en\/wp-json\/wp\/v2\/comments?post=9202"}],"version-history":[{"count":0,"href":"https:\/\/be-ge.se\/en\/wp-json\/wp\/v2\/posts\/9202\/revisions"}],"wp:attachment":[{"href":"https:\/\/be-ge.se\/en\/wp-json\/wp\/v2\/media?parent=9202"}],"wp:term":[{"taxonomy":"category","embeddable":true,"href":"https:\/\/be-ge.se\/en\/wp-json\/wp\/v2\/categories?post=9202"},{"taxonomy":"post_tag","embeddable":true,"href":"https:\/\/be-ge.se\/en\/wp-json\/wp\/v2\/tags?post=9202"}],"curies":[{"name":"wp","href":"https:\/\/api.w.org\/{rel}","templated":true}]}}