{"id":9179,"date":"2018-07-06T13:04:09","date_gmt":"2018-07-06T11:04:09","guid":{"rendered":"http:\/\/be-ge.se\/be-ge-lastbilar-ab-nyhetsbrev-juli-2018\/"},"modified":"2018-07-06T13:04:09","modified_gmt":"2018-07-06T11:04:09","slug":"be-ge-lastbilar-ab-nyhetsbrev-juli-2018","status":"publish","type":"post","link":"https:\/\/be-ge.se\/en\/be-ge-lastbilar-ab-nyhetsbrev-juli-2018\/","title":{"rendered":"Be-Ge Lastbilar AB, Nyhetsbrev juli 2018"},"content":{"rendered":"<p><a href=\"https:\/\/be-ge.se\/wp-content\/uploads\/2018\/07\/nyhetsbrev-juli-2018.png\"><img fetchpriority=\"high\" decoding=\"async\" class=\"alignnone size-full wp-image-5869\" src=\"https:\/\/be-ge.se\/wp-content\/uploads\/2018\/07\/nyhetsbrev-juli-2018.png\" alt=\"\" width=\"741\" height=\"994\" \/><\/a><\/p>\n<p><span style=\"color: #0070b0;\"><strong>NYHETER FR\u00c5N BE-GE LASTBILAR<br \/>\n<span style=\"color: #3366ff;\"><a style=\"color: #3366ff;\" href=\"http:\/\/lb.be-ge.se\/wp-content\/uploads\/2018\/07\/Nyhetsbrev-juli-2018.pdf\" target=\"_blank\" rel=\"noopener\">Ladda ner PDF h\u00e4r!<\/a><\/span><br \/>\n<\/strong><\/span><\/p>\n<hr \/>\n<p><span style=\"color: #0070b0;\"><strong>\u00d6PPETTIDER I SOMMAR FR.O.M 18\/6 TILL 20\/8<\/strong><\/span><br \/>\nOskarshamn, Hultsfred, Visby och Vetlanda<\/p>\n<p><span style=\"color: #0070b0;\"><strong>M\u00e5ndag \u2013 Fredag<\/strong><\/span>\u00a0 \u00a0 \u00a0 \u00a0 \u00a0 07.00 \u2013 16.00<br \/>\n<span style=\"color: #0070b0;\"><strong>L\u00f6rdag<\/strong><\/span>\u00a0 \u00a0 \u00a0 \u00a0 \u00a0 \u00a0 \u00a0 \u00a0 \u00a0 \u00a0 \u00a0 \u00a0 \u00a0 \u00a0 \u00a0 St\u00e4ngt<br \/>\nJourtelefon\u00a0 \u00a0042-100 100<\/p>\n<hr \/>\n<p><span style=\"color: #0070b0;\"><strong>Sommartider!<\/strong><\/span><br \/>\nVi \u00e4r inne i en h\u00e4rlig tid just nu med sk\u00f6nt v\u00e4der och mycket att g\u00f6ra. V\u00e5rt \u00f6ppna hus i Visby var r\u00e4tt v\u00e4lbes\u00f6kt trots ett bra v\u00e4der, bilarna rullade hela tiden och korven gick \u00e5t. Tack f\u00f6r ni tog er tid att bes\u00f6ka v\u00e5r \u201dmini\u201d m\u00e4ssa och ta del av vad v\u00e5ra leverant\u00f6rer har att erbjuda. Leveransproblem har uppst\u00e5tt med v\u00e5r V8 p\u00e5 grund av konflikt vid en av Scanias leverant\u00f6rer. F\u00f6rseningen beror p\u00e5 strejk och vi h\u00e4nvisar till pressrelease fr\u00e5n Scania. Vi informerar alla ber\u00f6rda och \u00e5terkommer hela tiden med ny information. Jag vill tacka er f\u00f6r den h\u00e4r \u201dterminen\u201d och \u00f6nska er alla en riktigt h\u00e4rlig juli s\u00e5 ses vi i augusti.<\/p>\n<p><span style=\"color: #0070b0;\"><strong>Vi p\u00e5 Be-Ge Lastbilar AB \/ Tomas Engsund<\/strong><\/span><\/p>\n<hr \/>\n<p><span style=\"color: #0070b0;\"><strong>Kommande aktiviteter:<\/strong><\/span><br \/>\n<span style=\"color: #0070b0;\"><strong>22-25\/8<\/strong><\/span>\u00a0 \u00a0 \u00a0 \u00a0 \u00a0 \u00a0 \u00a0 \u00a0 \u00a0 \u00a0 \u00a0 \u00a0 ELMIA Lastbilsm\u00e4ssa J\u00f6nk\u00f6ping. Vi (Bosse, Thomas, Mikael) finnsp\u00e5 plats i Scania- Montern<br \/>\nonsdag-torsdag.<br \/>\n<span style=\"color: #0070b0;\"><strong>Sept\u00a0<\/strong> <\/span>\u00a0 \u00a0 \u00a0 \u00a0 \u00a0 \u00a0 \u00a0 \u00a0 \u00a0 \u00a0 \u00a0 \u00a0 \u00a0 \u00a0 Kundtr\u00e4ff Visby, datum ej klart Vi planerar en kundtr\u00e4ff i Visby under september. Vi \u00e5terkommer<br \/>\nmed inbjudan om plats och tid.<br \/>\n<span style=\"color: #0070b0;\"><strong>14\/9<\/strong><\/span>\u00a0 \u00a0 \u00a0 \u00a0 \u00a0 \u00a0 \u00a0 \u00a0 \u00a0 \u00a0 \u00a0 \u00a0 \u00a0 \u00a0 \u00a0 Be-Ge After Work p\u00e5 alla verkst\u00e4der kl 17-20. V\u00e4lkomna!<br \/>\n<span style=\"color: #0070b0;\"><strong>20-23\/9\u00a0<\/strong> <\/span>\u00a0 \u00a0 \u00a0 \u00a0 \u00a0 \u00a0 \u00a0 \u00a0 \u00a0 \u00a0 \u00a0 Be-Ge Hannover. H\u00e4ng p\u00e5 v\u00e5r resa till IAA Hannover och Europasst\u00f6rsta Lastbilsm\u00e4ssa.<br \/>\nCa 5 platser kvar! Mer info p\u00e5 hemsida. 18-21\/10 Scania Karavanen bes\u00f6ker oss.<br \/>\nVi finns p\u00e5 plats i Oskarshamn (19\/10), Hultsfred (20\/10) och Vetlanda (21\/10), mer info kommer.<\/p>\n<p><span style=\"color: #0070b0;\"><strong> 20\/10\u00a0<\/strong><\/span> \u00a0 \u00a0 \u00a0 \u00a0 \u00a0 \u00a0 \u00a0 \u00a0 \u00a0 \u00a0 \u00a0 \u00a0 \u00a0 Be-Ge Veteran! Tr\u00e4ff f\u00f6r veteranfordon i Hultsfred och ALLA typer av veteranfordon \u00e4r v\u00e4lkomna, anm\u00e4lan till Michael Lars\u00e9n<\/p>\n<hr \/>\n<p><span style=\"color: #0070b0;\"><strong>N\u00e5gra av v\u00e5ra senaste leveranser:<\/strong><\/span><\/p>\n<p><span style=\"color: #000000;\">S\u00e4vsj\u00f6 Transport AB, Hag\u00e9ns \u00c5keri AB,\u00a0 Korsberga PA Johanssons \u00c5keri AB<\/span><\/p>\n<p>F\u00f6r fler leveranser se v\u00e5r hemsida samt i vissa fall \u00e4ven tidningen MIL. Vi<br \/>\nskickar alltid in alla levererade nya Scania till MIL, tyv\u00e4rr f\u00e5r vi inte med alla p\u00e5<br \/>\ngrund av andra i Sverige ocks\u00e5 vill vara med.<\/p>\n<hr \/>\n<p><span style=\"color: #0070b0;\"><strong>Tillf\u00e4lligt leveransproblem V8<br \/>\n<\/strong><span style=\"color: #000000;\">P\u00e5 grund av l\u00e5ngvarig strejk hos en av Scanias viktiga leverant\u00f6r av gjutna\u00a0<\/span><span style=\"color: #000000;\">motorkomponenter V8 har det uppst\u00e5tt leveransf\u00f6rseningar vilket vi<\/span><br \/>\n<span style=\"color: #000000;\">informerat alla som \u00e4r ber\u00f6rda. Se uts\u00e4nd pressrelease av Scania p\u00e5\u00a0<\/span><span style=\"color: #000000;\">scania.com. Mer information f\u00e5r ni av Bo Sv\u00e4rd, Mikael Brodin, Thomas<\/span><br \/>\n<span style=\"color: #000000;\">Olofsson eller Tomas Engsund. <\/span><\/span><\/p>\n<hr \/>\n<p><span style=\"color: #0070b0;\"><strong>Tungverkst\u00e1n flyttad till S\u00f6dra Fabriksgatan<\/strong><\/span><br \/>\nBe-Ge Tungverkstad, tidigare EB Logistik\u00b4s verkstad, har vi flyttat upp med verktyg och personal till Lastbilsverkstaden i Oskarshamn. Vi har d\u00e4rmed<br \/>\nut\u00f6kat med utrustning och verktyg f\u00f6r att b\u00e4ttre och enklare g\u00f6ra jobb p\u00e5 p\u00e5byggnader, sl\u00e4p och smide. Kolla med Jenni och Daniel hur vi kan hj\u00e4lpa och<br \/>\nvad vi kan g\u00f6ra till attraktiva priser.<\/p>\n<hr \/>\n<p><strong><span style=\"color: #0070b0;\">Reservdelar<\/span><\/strong><br \/>\nJust nu \u00e4r det h\u00f6gtryck hos alla, s\u00e5 \u00e4ven hos oss inom Scania och deras leverant\u00f6rer. Vi beklagar de st\u00f6rningar vi har inom v\u00e5r reservdelsf\u00f6rs\u00f6rjning och jobbar extremt mycket<br \/>\nmed att l\u00f6sa situationen. Vi hoppas ni har \u00f6verseende och vi g\u00f6r allt f\u00f6r att undvika eventuella brister.<\/p>\n<hr \/>\n<p><span style=\"color: #0070b0;\"><strong>\u00d6ka l\u00f6nsamheten genom att g\u00e5 \u00f6ver till RME<\/strong><\/span><br \/>\nNya Generation Scania \u00e4r klar att k\u00f6ra med RME. RME som inte anv\u00e4nts under en tid har nu f\u00e5tt s\u00e4nkta skatter vilket g\u00f6r det ytterst l\u00f6nsamt att b\u00f6rja anv\u00e4nda RME igen. RME<br \/>\nhar idag h\u00f6gre kvalit\u00e9 \u00e4n tidigare och vi inom Scania har 5 motorer som \u00e4r certifierade, n\u00e4mligen 9L 320, 9L 360, 13L 410, 13L 450 och 16L 580. Spara upptill 3,8:-\/liter med RME j\u00e4mf\u00f6rt Diesel och HVO. F\u00f6rbrukningen \u00f6ka ca 6% och servicekostnaden blir h\u00f6gre pga kortare serviceintervall men vid en k\u00f6rning (anl\u00e4ggning) p\u00e5 6000 mil per \u00e5r kan det ge en besparing om 95.000:-. Vid Fj\u00e4rr med<br \/>\n20.000 mil kan du f\u00e5 en besparing p\u00e5 \u00f6ver 200.000:-. Kolla med oss vad det skulle bli f\u00f6r besparing i er k\u00f6rning samt vilka av era nuvarande bilar som kan b\u00f6rja med RME.<\/p>\n<hr \/>\n<p><span style=\"color: #0070b0;\"><strong>\u00d6ppet hus i Visby 26 maj<\/strong><\/span><br \/>\nUnder \u00f6ppet hus invigde vi nya tv\u00e4tthallen i Visby vid v\u00e5r verkstad. Bandklippare av Jan-\u00c5ke Hedenstein (Gotlands Bilfrakt), Jan Sandell (Westmatic) och Tomas Engsund (Be-Ge).<br \/>\n<span style=\"color: #0070b0;\"><strong>\u00d6nskar ni tv\u00e4tta er bilar?<\/strong> <\/span><br \/>\nKontakta v\u00e5r Ulrika p\u00e5<br \/>\n0498-691471<\/p>\n<hr \/>\n<p>F\u00f6renkla din vardag \u2013 teckna\u00a0avtal med oss!<\/p>\n<hr \/>\n<p><span style=\"color: #0070b0;\"><strong>Kampanjer och Priser<\/strong><\/span><br \/>\nNi k\u00e4nner v\u00e4l till att vi alltid har b\u00e4sta priser p\u00e5 sl\u00e4pjobb? Kolla alltid med oss f\u00f6rst! Och n\u00e4rgjorde du\/ni en hjulinst\u00e4llning senast? L\u00e5t oss g\u00f6ra Hjul-\/axelinst\u00e4llning f\u00f6r minimalt d\u00e4ckslitage och b\u00e4ttre br\u00e4nslef\u00f6rbrukning!<\/p>\n<hr \/>\n<p><span style=\"color: #0070b0;\"><strong>\u00d6nskar er alla en h\u00e4rlig sommar!<\/strong><\/span><br \/>\nVi \u00f6nskar alla v\u00e5ra kunder, samarbetspartners och personal en h\u00e4rlig sommar och v\u00e4lbeh\u00f6vlig semester.<br \/>\nTa hand om era familjer och v\u00e4nner!<\/p>\n<p><span style=\"color: #0070b0;\"><strong>Soliga och varma h\u00e4lsningar fr\u00e5n oss p\u00e5 Be-Ge!<\/strong><\/span><\/p>\n<p>&nbsp;<\/p>\n<p>&nbsp;<\/p>","protected":false},"excerpt":{"rendered":"<p>NYHETER FR\u00c5N BE-GE LASTBILAR Ladda ner PDF h\u00e4r! \u00d6PPETTIDER I SOMMAR FR.O.M 18\/6 TILL 20\/8 Oskarshamn, Hultsfred, Visby och Vetlanda M\u00e5ndag \u2013 Fredag\u00a0 \u00a0 \u00a0 \u00a0 \u00a0 07.00 \u2013 16.00 L\u00f6rdag\u00a0 \u00a0 \u00a0 \u00a0 \u00a0 \u00a0 \u00a0 \u00a0 \u00a0 \u00a0 \u00a0 \u00a0 \u00a0 \u00a0 \u00a0 St\u00e4ngt Jourtelefon\u00a0 \u00a0042-100 100 Sommartider! Vi \u00e4r inne i en [&hellip;]<\/p>\n","protected":false},"author":1,"featured_media":0,"comment_status":"closed","ping_status":"closed","sticky":false,"template":"","format":"standard","meta":{"_acf_changed":false,"footnotes":""},"categories":[32],"tags":[],"class_list":["post-9179","post","type-post","status-publish","format-standard","hentry","category-nyheter"],"acf":[],"_links":{"self":[{"href":"https:\/\/be-ge.se\/en\/wp-json\/wp\/v2\/posts\/9179","targetHints":{"allow":["GET"]}}],"collection":[{"href":"https:\/\/be-ge.se\/en\/wp-json\/wp\/v2\/posts"}],"about":[{"href":"https:\/\/be-ge.se\/en\/wp-json\/wp\/v2\/types\/post"}],"author":[{"embeddable":true,"href":"https:\/\/be-ge.se\/en\/wp-json\/wp\/v2\/users\/1"}],"replies":[{"embeddable":true,"href":"https:\/\/be-ge.se\/en\/wp-json\/wp\/v2\/comments?post=9179"}],"version-history":[{"count":0,"href":"https:\/\/be-ge.se\/en\/wp-json\/wp\/v2\/posts\/9179\/revisions"}],"wp:attachment":[{"href":"https:\/\/be-ge.se\/en\/wp-json\/wp\/v2\/media?parent=9179"}],"wp:term":[{"taxonomy":"category","embeddable":true,"href":"https:\/\/be-ge.se\/en\/wp-json\/wp\/v2\/categories?post=9179"},{"taxonomy":"post_tag","embeddable":true,"href":"https:\/\/be-ge.se\/en\/wp-json\/wp\/v2\/tags?post=9179"}],"curies":[{"name":"wp","href":"https:\/\/api.w.org\/{rel}","templated":true}]}}