{"id":19662,"date":"2025-08-25T09:01:33","date_gmt":"2025-08-25T07:01:33","guid":{"rendered":"https:\/\/be-ge.se\/?p=19662"},"modified":"2025-08-25T09:01:35","modified_gmt":"2025-08-25T07:01:35","slug":"be-ge-personbilar-ab-sakra-klimatbonus-pa-volkswagen-id-buzz-cargo","status":"publish","type":"post","link":"https:\/\/be-ge.se\/en\/be-ge-personbilar-ab-sakra-klimatbonus-pa-volkswagen-id-buzz-cargo\/","title":{"rendered":"Be-Ge Personbilar AB, S\u00e4kra klimatbonus p\u00e5 Volkswagen ID. Buzz Cargo"},"content":{"rendered":"<figure class=\"wp-block-image size-large\"><a href=\"https:\/\/be-ge.se\/wp-content\/uploads\/2025\/08\/klimatbonus_hemsida-scaled.jpg\"><img fetchpriority=\"high\" decoding=\"async\" width=\"1024\" height=\"819\" src=\"https:\/\/be-ge.se\/wp-content\/uploads\/2025\/08\/klimatbonus_hemsida-1024x819.jpg\" alt=\"\" class=\"wp-image-19663\" srcset=\"https:\/\/be-ge.se\/wp-content\/uploads\/2025\/08\/klimatbonus_hemsida-1024x819.jpg 1024w, https:\/\/be-ge.se\/wp-content\/uploads\/2025\/08\/klimatbonus_hemsida-300x240.jpg 300w, https:\/\/be-ge.se\/wp-content\/uploads\/2025\/08\/klimatbonus_hemsida-768x614.jpg 768w, https:\/\/be-ge.se\/wp-content\/uploads\/2025\/08\/klimatbonus_hemsida-1536x1229.jpg 1536w, https:\/\/be-ge.se\/wp-content\/uploads\/2025\/08\/klimatbonus_hemsida-2048x1638.jpg 2048w, https:\/\/be-ge.se\/wp-content\/uploads\/2025\/08\/klimatbonus_hemsida-15x12.jpg 15w\" sizes=\"(max-width: 1024px) 100vw, 1024px\" \/><\/a><\/figure>\n\n\n\n<p>Vill du ta del av statens klimatbonus p\u00e5 40.000 kronor?&nbsp;<\/p>\n\n\n\n<p>D\u00e5 \u00e4r det h\u00f6g tid att agera. F\u00f6r att kunna ans\u00f6ka om bonusen beh\u00f6ver din Volkswagen ID. Buzz Cargo best\u00e4llas senast den 30 september. Genom att best\u00e4lla nu f\u00e5r du inte bara en modern och innovativ eltransportbil, du f\u00e5r ocks\u00e5 m\u00f6jlighet till ett gener\u00f6st ekonomiskt st\u00f6d.<\/p>\n\n\n\n<p><br>Kontakta oss idag f\u00f6r att l\u00e4gga din best\u00e4llning och s\u00e4kra din bonus innan tidsfristen g\u00e5r ut.<\/p>\n\n\n\n<p><\/p>","protected":false},"excerpt":{"rendered":"<p>Vill du ta del av statens klimatbonus p\u00e5 40.000 kronor?&nbsp; D\u00e5 \u00e4r det h\u00f6g tid att agera. F\u00f6r att kunna ans\u00f6ka om bonusen beh\u00f6ver din Volkswagen ID. Buzz Cargo best\u00e4llas senast den 30 september. Genom att best\u00e4lla nu f\u00e5r du inte bara en modern och innovativ eltransportbil, du f\u00e5r ocks\u00e5 m\u00f6jlighet till ett gener\u00f6st ekonomiskt [&hellip;]<\/p>\n","protected":false},"author":7,"featured_media":0,"comment_status":"closed","ping_status":"closed","sticky":false,"template":"","format":"standard","meta":{"_acf_changed":false,"footnotes":""},"categories":[32],"tags":[139],"class_list":["post-19662","post","type-post","status-publish","format-standard","hentry","category-nyheter","tag-be-ge-personbilar-ab"],"acf":[],"_links":{"self":[{"href":"https:\/\/be-ge.se\/en\/wp-json\/wp\/v2\/posts\/19662","targetHints":{"allow":["GET"]}}],"collection":[{"href":"https:\/\/be-ge.se\/en\/wp-json\/wp\/v2\/posts"}],"about":[{"href":"https:\/\/be-ge.se\/en\/wp-json\/wp\/v2\/types\/post"}],"author":[{"embeddable":true,"href":"https:\/\/be-ge.se\/en\/wp-json\/wp\/v2\/users\/7"}],"replies":[{"embeddable":true,"href":"https:\/\/be-ge.se\/en\/wp-json\/wp\/v2\/comments?post=19662"}],"version-history":[{"count":0,"href":"https:\/\/be-ge.se\/en\/wp-json\/wp\/v2\/posts\/19662\/revisions"}],"wp:attachment":[{"href":"https:\/\/be-ge.se\/en\/wp-json\/wp\/v2\/media?parent=19662"}],"wp:term":[{"taxonomy":"category","embeddable":true,"href":"https:\/\/be-ge.se\/en\/wp-json\/wp\/v2\/categories?post=19662"},{"taxonomy":"post_tag","embeddable":true,"href":"https:\/\/be-ge.se\/en\/wp-json\/wp\/v2\/tags?post=19662"}],"curies":[{"name":"wp","href":"https:\/\/api.w.org\/{rel}","templated":true}]}}