{"id":19213,"date":"2025-06-19T12:22:59","date_gmt":"2025-06-19T10:22:59","guid":{"rendered":"https:\/\/be-ge.se\/?p=19213"},"modified":"2025-06-19T12:24:15","modified_gmt":"2025-06-19T10:24:15","slug":"be-ge-personbilar-ab-volkswagen-caddy-flexible-ar-har-kombinerar-rymlighet-med-smarta-sittplatser","status":"publish","type":"post","link":"https:\/\/be-ge.se\/en\/be-ge-personbilar-ab-volkswagen-caddy-flexible-ar-har-kombinerar-rymlighet-med-smarta-sittplatser\/","title":{"rendered":"Be-Ge Personbilar AB, Volkswagen Caddy Flexible \u00e4r h\u00e4r &#8211; kombinerar rymlighet med smarta sittplatser"},"content":{"rendered":"<div data-elementor-type=\"wp-post\" data-elementor-id=\"19213\" class=\"elementor elementor-19213\" data-elementor-post-type=\"post\">\n\t\t\t\t\t\t<section class=\"elementor-section elementor-top-section elementor-element elementor-element-49090a5 elementor-section-boxed elementor-section-height-default elementor-section-height-default\" data-id=\"49090a5\" data-element_type=\"section\" data-e-type=\"section\">\n\t\t\t\t\t\t<div class=\"elementor-container elementor-column-gap-default\">\n\t\t\t\t\t<div class=\"elementor-column elementor-col-100 elementor-top-column elementor-element elementor-element-b1bc8b5\" data-id=\"b1bc8b5\" data-element_type=\"column\" data-e-type=\"column\">\n\t\t\t<div class=\"elementor-widget-wrap elementor-element-populated\">\n\t\t\t\t\t\t<div class=\"elementor-element elementor-element-7d9d8e1 elementor-arrows-position-inside elementor-pagination-position-outside elementor-widget elementor-widget-image-carousel\" data-id=\"7d9d8e1\" data-element_type=\"widget\" data-e-type=\"widget\" data-settings=\"{&quot;slides_to_show&quot;:&quot;2&quot;,&quot;image_spacing_custom&quot;:{&quot;unit&quot;:&quot;px&quot;,&quot;size&quot;:10,&quot;sizes&quot;:[]},&quot;navigation&quot;:&quot;both&quot;,&quot;autoplay&quot;:&quot;yes&quot;,&quot;pause_on_hover&quot;:&quot;yes&quot;,&quot;pause_on_interaction&quot;:&quot;yes&quot;,&quot;autoplay_speed&quot;:5000,&quot;infinite&quot;:&quot;yes&quot;,&quot;speed&quot;:500,&quot;image_spacing_custom_tablet&quot;:{&quot;unit&quot;:&quot;px&quot;,&quot;size&quot;:&quot;&quot;,&quot;sizes&quot;:[]},&quot;image_spacing_custom_mobile&quot;:{&quot;unit&quot;:&quot;px&quot;,&quot;size&quot;:&quot;&quot;,&quot;sizes&quot;:[]}}\" data-widget_type=\"image-carousel.default\">\n\t\t\t\t<div class=\"elementor-widget-container\">\n\t\t\t\t\t\t\t<div class=\"elementor-image-carousel-wrapper swiper\" role=\"region\" aria-roledescription=\"carousel\" aria-label=\"Bildkarusell\" dir=\"ltr\">\n\t\t\t<div class=\"elementor-image-carousel swiper-wrapper\" aria-live=\"off\">\n\t\t\t\t\t\t\t\t<div class=\"swiper-slide\" role=\"group\" aria-roledescription=\"slide\" aria-label=\"1 av 3\" data-no-translation-aria-label=\"\"><figure class=\"swiper-slide-inner\"><img decoding=\"async\" class=\"swiper-slide-image\" src=\"https:\/\/be-ge.se\/wp-content\/uploads\/2025\/06\/IMG_7590-kopiera-683x1024.webp\" alt=\"IMG_7590 kopiera\" \/><\/figure><\/div><div class=\"swiper-slide\" role=\"group\" aria-roledescription=\"slide\" aria-label=\"2 av 3\" data-no-translation-aria-label=\"\"><figure class=\"swiper-slide-inner\"><img decoding=\"async\" class=\"swiper-slide-image\" src=\"https:\/\/be-ge.se\/wp-content\/uploads\/2025\/06\/IMG_7589-kopiera-683x1024.webp\" alt=\"IMG_7589 kopiera\" \/><\/figure><\/div><div class=\"swiper-slide\" role=\"group\" aria-roledescription=\"slide\" aria-label=\"3 av 3\" data-no-translation-aria-label=\"\"><figure class=\"swiper-slide-inner\"><img decoding=\"async\" class=\"swiper-slide-image\" src=\"https:\/\/be-ge.se\/wp-content\/uploads\/2025\/06\/IMG_7593-kopiera-683x1024.webp\" alt=\"IMG_7593 kopiera\" \/><\/figure><\/div>\t\t\t<\/div>\n\t\t\t\t\t\t\t\t\t\t\t\t<div class=\"elementor-swiper-button elementor-swiper-button-prev\" role=\"button\" tabindex=\"0\">\n\t\t\t\t\t\t<i aria-hidden=\"true\" class=\"eicon-chevron-left\"><\/i>\t\t\t\t\t<\/div>\n\t\t\t\t\t<div class=\"elementor-swiper-button elementor-swiper-button-next\" role=\"button\" tabindex=\"0\">\n\t\t\t\t\t\t<i aria-hidden=\"true\" class=\"eicon-chevron-right\"><\/i>\t\t\t\t\t<\/div>\n\t\t\t\t\n\t\t\t\t\t\t\t\t\t<div class=\"swiper-pagination\"><\/div>\n\t\t\t\t\t\t\t\t\t<\/div>\n\t\t\t\t\t\t<\/div>\n\t\t\t\t<\/div>\n\t\t\t\t\t<\/div>\n\t\t<\/div>\n\t\t\t\t\t<\/div>\n\t\t<\/section>\n\t\t\t\t<section class=\"elementor-section elementor-top-section elementor-element elementor-element-3277d2da elementor-section-boxed elementor-section-height-default elementor-section-height-default\" data-id=\"3277d2da\" data-element_type=\"section\" data-e-type=\"section\">\n\t\t\t\t\t\t<div class=\"elementor-container elementor-column-gap-default\">\n\t\t\t\t\t<div class=\"elementor-column elementor-col-100 elementor-top-column elementor-element elementor-element-1cfd556f\" data-id=\"1cfd556f\" data-element_type=\"column\" data-e-type=\"column\">\n\t\t\t<div class=\"elementor-widget-wrap elementor-element-populated\">\n\t\t\t\t\t\t<div class=\"elementor-element elementor-element-5c80546a elementor-widget elementor-widget-text-editor\" data-id=\"5c80546a\" data-element_type=\"widget\" data-e-type=\"widget\" data-widget_type=\"text-editor.default\">\n\t\t\t\t<div class=\"elementor-widget-container\">\n\t\t\t\t\t\t\t\t\t\n<p>Nu lanseras Volkswagen Caddy Flexible som \u00e4r bilen f\u00f6r dig som inte vill kompromissa. H\u00e4r f\u00e5r du b\u00e5de gott om plats f\u00f6r bagage och flexibla sittplatser f\u00f6r hela familjen eller arbetslaget. Med sin innovativa design anpassar sig Caddy Flexible efter dina behov, oavsett om du prioriterar lastutrymme eller passagerarkomfort. Den aktuella modellen \u00e4r en Plug-in Hybrid och k\u00f6rs p\u00e5 milj\u00f6v\u00e4nlig el &#8211; perfekt f\u00f6r dig som vill k\u00f6ra h\u00e5llbart utan att tumma p\u00e5 funktionaliteten. Caddy Flexible finns dessutom med tre olika drivlinor, vilket g\u00f6r det enkelt att hitta en variant som passar just din vardag.<\/p>\n\n\n\n<p>V\u00e4lkommen in till oss i Oskarshamn eller Vetlanda s\u00e5 ber\u00e4ttar vi g\u00e4rna mer och visar dig bilen p\u00e5 plats!<\/p>\n\t\t\t\t\t\t\t\t<\/div>\n\t\t\t\t<\/div>\n\t\t\t\t\t<\/div>\n\t\t<\/div>\n\t\t\t\t\t<\/div>\n\t\t<\/section>\n\t\t\t\t<\/div>","protected":false},"excerpt":{"rendered":"<p>Nu lanseras Volkswagen Caddy Flexible som \u00e4r bilen f\u00f6r dig som inte vill kompromissa. H\u00e4r f\u00e5r du b\u00e5de gott om plats f\u00f6r bagage och flexibla sittplatser f\u00f6r hela familjen eller arbetslaget. Med sin innovativa design anpassar sig Caddy Flexible efter dina behov, oavsett om du prioriterar lastutrymme eller passagerarkomfort. Den aktuella modellen \u00e4r en Plug-in [&hellip;]<\/p>\n","protected":false},"author":13,"featured_media":0,"comment_status":"closed","ping_status":"closed","sticky":false,"template":"","format":"standard","meta":{"_acf_changed":false,"footnotes":""},"categories":[32],"tags":[],"class_list":["post-19213","post","type-post","status-publish","format-standard","hentry","category-nyheter"],"acf":[],"_links":{"self":[{"href":"https:\/\/be-ge.se\/en\/wp-json\/wp\/v2\/posts\/19213","targetHints":{"allow":["GET"]}}],"collection":[{"href":"https:\/\/be-ge.se\/en\/wp-json\/wp\/v2\/posts"}],"about":[{"href":"https:\/\/be-ge.se\/en\/wp-json\/wp\/v2\/types\/post"}],"author":[{"embeddable":true,"href":"https:\/\/be-ge.se\/en\/wp-json\/wp\/v2\/users\/13"}],"replies":[{"embeddable":true,"href":"https:\/\/be-ge.se\/en\/wp-json\/wp\/v2\/comments?post=19213"}],"version-history":[{"count":0,"href":"https:\/\/be-ge.se\/en\/wp-json\/wp\/v2\/posts\/19213\/revisions"}],"wp:attachment":[{"href":"https:\/\/be-ge.se\/en\/wp-json\/wp\/v2\/media?parent=19213"}],"wp:term":[{"taxonomy":"category","embeddable":true,"href":"https:\/\/be-ge.se\/en\/wp-json\/wp\/v2\/categories?post=19213"},{"taxonomy":"post_tag","embeddable":true,"href":"https:\/\/be-ge.se\/en\/wp-json\/wp\/v2\/tags?post=19213"}],"curies":[{"name":"wp","href":"https:\/\/api.w.org\/{rel}","templated":true}]}}