{"id":18681,"date":"2025-04-30T15:31:46","date_gmt":"2025-04-30T13:31:46","guid":{"rendered":"https:\/\/be-ge.se\/?p=18681"},"modified":"2025-04-30T15:38:08","modified_gmt":"2025-04-30T13:38:08","slug":"be-ge-lastbilar-ab-be-ge-nytt-april-2025","status":"publish","type":"post","link":"https:\/\/be-ge.se\/en\/be-ge-lastbilar-ab-be-ge-nytt-april-2025\/","title":{"rendered":"Be-Ge Lastbilar AB, Be-Ge Nytt April 2025"},"content":{"rendered":"<figure class=\"wp-block-image size-full\"><a href=\"https:\/\/be-ge.se\/wp-content\/uploads\/2025\/04\/begenytt_framsida-kopiera.webp\"><img fetchpriority=\"high\" decoding=\"async\" width=\"1000\" height=\"667\" src=\"https:\/\/be-ge.se\/wp-content\/uploads\/2025\/04\/begenytt_framsida-kopiera.webp\" alt=\"\" class=\"wp-image-18682\" srcset=\"https:\/\/be-ge.se\/wp-content\/uploads\/2025\/04\/begenytt_framsida-kopiera.webp 1000w, https:\/\/be-ge.se\/wp-content\/uploads\/2025\/04\/begenytt_framsida-kopiera-300x200.webp 300w, https:\/\/be-ge.se\/wp-content\/uploads\/2025\/04\/begenytt_framsida-kopiera-768x512.webp 768w, https:\/\/be-ge.se\/wp-content\/uploads\/2025\/04\/begenytt_framsida-kopiera-18x12.webp 18w\" sizes=\"(max-width: 1000px) 100vw, 1000px\" \/><\/a><figcaption class=\"wp-element-caption\"><a href=\"https:\/\/media.be-ge.se\/?r=15496\" data-type=\"link\" data-id=\"https:\/\/media.be-ge.se\/?r=15496\" target=\"_blank\" rel=\"noreferrer noopener\">Ladda ner PDF h\u00e4r.<\/a><\/figcaption><\/figure>\n\n\n\n<p><strong>NYHETER FR\u00c5N BE-GE LASTBILAR<\/strong><\/p>\n\n\n\n<p><strong>T\u00e4vla med ert kontrollpaket &#8211; spara br\u00e4nsle och vinn fina priser!<\/strong><br>T\u00e4vling f\u00f6r alla med kontrollpaket och ni som tecknar nya paket. Var med och t\u00e4vla om fina priser d\u00e4r alla besparingar av br\u00e4nslen ing\u00e5r. Anm\u00e4l ert fordon och chauff\u00f6r som ska vara med s\u00e5 vi tillsammans kan f\u00f6lja bilen under perioden 1 juni till 30 oktober, vi l\u00e4ser av startf\u00f6rbrukning samt minskning fram till 30\/10. F\u00f6rutsatt att transporten \u00e4r likv\u00e4rdig s\u00e5 utser vi 10 vinnare som f\u00e5r fina priser &#8211; ut\u00f6ver den fina bedrift de presterat.<\/p>\n\n\n\n<p>Anm\u00e4l er eller teckna avtal med H\u00e5kan Berg under maj m\u00e5nad s\u00e5 kan ni vara med. Alla som tecknar nytt avtal under maj f\u00e5r dessutom 25% rabatt p\u00e5 m\u00e5nadsavgiften under 6 m\u00e5nader. \u00d6ka l\u00f6nsamheten och minska samtidigt ert klimatavtryck &#8211;<strong> ring H\u00e5kan p\u00e5 0383 &#8211; 46 73 21!<\/strong><\/p>\n\n\n\n<div style=\"height:15px\" aria-hidden=\"true\" class=\"wp-block-spacer\"><\/div>\n\n\n\n<hr class=\"wp-block-separator has-alpha-channel-opacity\"\/>\n\n\n\n<div style=\"height:15px\" aria-hidden=\"true\" class=\"wp-block-spacer\"><\/div>\n\n\n\n<p><strong>Valborgserbjudande!<\/strong><br>F\u00f6rb\u00e4ttra din k\u00f6rstabilitet, d\u00e4ckslitage och br\u00e4nsleekonomi. <br>Boka din hjulinst\u00e4llning redan idag, just nu till kanonpris under hela maj! <br><br>495:- (ord. pris: 1 495:-)<br><em>Kostnad f\u00f6r justering, reparation och \u00f6vriga reservdelar tillkommer.<\/em><\/p>\n\n\n\n<hr class=\"wp-block-separator has-alpha-channel-opacity\"\/>\n\n\n\n<div style=\"height:15px\" aria-hidden=\"true\" class=\"wp-block-spacer\"><\/div>\n\n\n\n<p><strong>MAJ SUPERSALE 15%<\/strong><br>Under maj m\u00e5nad k\u00f6r vi 15% p\u00e5 allt i butikerna i v\u00e5ra kundmottagningar. <br>Varmt v\u00e4lkomna in och fynda!<br><\/p>\n\n\n\n<div style=\"height:15px\" aria-hidden=\"true\" class=\"wp-block-spacer\"><\/div>\n\n\n\n<hr class=\"wp-block-separator has-alpha-channel-opacity\"\/>\n\n\n\n<div style=\"height:15px\" aria-hidden=\"true\" class=\"wp-block-spacer\"><\/div>\n\n\n\n<p><strong>Kampanj p\u00e5 tillsynsavtal<\/strong><\/p>\n\n\n\n<p>Teckna ett tillsynsavtal p\u00e5 sl\u00e4p eller trailer, vi bjuder p\u00e5 hjulinst\u00e4llning. <br><em>Justeringar, reparation och \u00f6vriga reservdelar tillkommer.<\/em><br><strong>V\u00e4rde 1 495:-\/tecknad enhet<\/strong><\/p>\n\n\n\n<div style=\"height:15px\" aria-hidden=\"true\" class=\"wp-block-spacer\"><\/div>\n\n\n\n<hr class=\"wp-block-separator has-alpha-channel-opacity\"\/>\n\n\n\n<div style=\"height:15px\" aria-hidden=\"true\" class=\"wp-block-spacer\"><\/div>\n\n\n\n<p><strong>Sl\u00e4ck dina 2:or hos oss!<\/strong><br>Sl\u00e4ck 2:or hos oss och f\u00e5 15% rabatt p\u00e5 delar vid reparation av bil, 20% vid reparation av sl\u00e4p!<br><\/p>\n\n\n\n<div style=\"height:15px\" aria-hidden=\"true\" class=\"wp-block-spacer\"><\/div>\n\n\n\n<hr class=\"wp-block-separator has-alpha-channel-opacity\"\/>\n\n\n\n<div style=\"height:15px\" aria-hidden=\"true\" class=\"wp-block-spacer\"><\/div>\n\n\n\n<figure class=\"wp-block-image size-full\"><a href=\"https:\/\/be-ge.se\/wp-content\/uploads\/2025\/04\/verkstad-kopiera.webp\"><img decoding=\"async\" width=\"298\" height=\"292\" src=\"https:\/\/be-ge.se\/wp-content\/uploads\/2025\/04\/verkstad-kopiera.webp\" alt=\"\" class=\"wp-image-18683\" srcset=\"https:\/\/be-ge.se\/wp-content\/uploads\/2025\/04\/verkstad-kopiera.webp 298w, https:\/\/be-ge.se\/wp-content\/uploads\/2025\/04\/verkstad-kopiera-12x12.webp 12w\" sizes=\"(max-width: 298px) 100vw, 298px\" \/><\/a><\/figure>\n\n\n\n<p><strong>Nedsl\u00e4ckning av 2G\/3G-n\u00e4tet &#8211; vi hj\u00e4lper dig!<\/strong><br>2G- och 3G-n\u00e4ten h\u00e5ller p\u00e5 att fasas ut i Europa f\u00f6r att ge plats \u00e5t modernare 4G- och 5G-teknik. Det kan inneb\u00e4ra att vissa digitala tj\u00e4nster i ditt fordon, som fj\u00e4rravl\u00e4sning, ned-laddning av f\u00e4rdskrivardata, br\u00e4nsleuppf\u00f6ljning och underh\u00e5llsplanering, slutar fungera.<\/p>\n\n\n\n<p>Kontakta din verkstad s\u00e5 hj\u00e4lper vi dig att kontrollera om ditt fordon p\u00e5verkas och ta del av v\u00e5ra aktuella kampanjer f\u00f6r uppdatering av utrustningen!<\/p>\n\n\n\n<div style=\"height:15px\" aria-hidden=\"true\" class=\"wp-block-spacer\"><\/div>\n\n\n\n<p class=\"has-white-color has-vivid-cyan-blue-background-color has-text-color has-background has-link-color wp-elements-69d94b74cd44ca39d67d0f982b191f1e\"><strong>Vid problem eller m\u00f6jligheter &#8211; kontakta oss. Vi st\u00e4ller alltid upp!<\/strong><\/p>\n\n\n\n<div style=\"height:15px\" aria-hidden=\"true\" class=\"wp-block-spacer\"><\/div>\n\n\n\n<p><strong>Kommande aktiviteter<\/strong><\/p>\n\n\n\n<figure class=\"wp-block-table\"><table class=\"has-fixed-layout\"><tbody><tr><td>19-20\/5<\/td><td>ADR grund\/repetition <\/td><\/tr><tr><td>21\/5<\/td><td>ADR Tank<\/td><\/tr><tr><td>18\/11<\/td><td>YKB Modul 2, Visby <\/td><\/tr><tr><td>19\/11<\/td><td>YKB Modul 3, Visby<\/td><\/tr><tr><td>20\/11<\/td><td>YKB Modul 5, Visby <\/td><\/tr><\/tbody><\/table><\/figure>\n\n\n\n<p><strong><em>Modul 1 och 4 finns tillg\u00e4ngliga som digitala kurser<\/em><\/strong><\/p>\n\n\n\n<figure class=\"wp-block-table\"><table class=\"has-fixed-layout\"><tbody><tr><td>September<\/td><td>Be-Ge Afterwork p\u00e5 alla verkst\u00e4der (prel. datum 12\/9)<\/td><\/tr><tr><td>September<\/td><td>Be-Ge Veteran (prel. datum 13\/9)<\/td><\/tr><\/tbody><\/table><\/figure>\n\n\n\n<p>Utbildning f\u00f6r K\u00f6r- och vilotider kan bokas p\u00e5 f\u00f6rfr\u00e5gan p\u00e5 alla orter. Vi har \u00e4ven webbutbildningar f\u00f6r F\u00e4rdskrivare och Arbete p\u00e5 v\u00e4g.<br><br><a href=\"https:\/\/lb.be-ge.se\/kontaktformular-hakan-berg\/\" data-type=\"page\" data-id=\"12274\" target=\"_blank\" rel=\"noreferrer noopener\">Kontakta H\u00e5kan h\u00e4r f\u00f6r bokning!<\/a><br>F\u00f6r mer information kontakta n\u00e5gon av oss eller se v\u00e5r hemsida eller Facebook. Mer aktiviteter \u00e4r p\u00e5 g\u00e5ng men inte beslutade \u00e4n, s\u00e5 h\u00e5ll \u00f6gon och \u00f6ron \u00f6ppna!<\/p>\n\n\n\n<div style=\"height:15px\" aria-hidden=\"true\" class=\"wp-block-spacer\"><\/div>\n\n\n\n<hr class=\"wp-block-separator has-alpha-channel-opacity\"\/>\n\n\n\n<div style=\"height:15px\" aria-hidden=\"true\" class=\"wp-block-spacer\"><\/div>\n\n\n\n<figure class=\"wp-block-image size-full\"><a href=\"https:\/\/be-ge.se\/wp-content\/uploads\/2025\/04\/A91fdc8kr_voaylk_fso.webp\"><img decoding=\"async\" width=\"302\" height=\"333\" src=\"https:\/\/be-ge.se\/wp-content\/uploads\/2025\/04\/A91fdc8kr_voaylk_fso.webp\" alt=\"\" class=\"wp-image-18685\" srcset=\"https:\/\/be-ge.se\/wp-content\/uploads\/2025\/04\/A91fdc8kr_voaylk_fso.webp 302w, https:\/\/be-ge.se\/wp-content\/uploads\/2025\/04\/A91fdc8kr_voaylk_fso-272x300.webp 272w, https:\/\/be-ge.se\/wp-content\/uploads\/2025\/04\/A91fdc8kr_voaylk_fso-11x12.webp 11w\" sizes=\"(max-width: 302px) 100vw, 302px\" \/><\/a><\/figure>\n\n\n\n<p class=\"has-black-color has-white-background-color has-text-color has-background has-link-color wp-elements-cf97629124f40ee70edbdede265fd810\"><strong>Din \u00e5sikt \u00e4r viktig f\u00f6r oss!<\/strong><br>Vi vill alltid bli b\u00e4ttre p\u00e5 att ta hand om v\u00e5ra kunder. Din feedback \u00e4r d\u00e4rmed oerh\u00f6rt viktig f\u00f6r oss &#8211; tumme upp som tumme ned. Efter ett verkstadsbes\u00f6k hos oss skickar vi ett sms med en l\u00e4nk till v\u00e5r kundunders\u00f6kning NPS, med fr\u00e5gor om hur du upplevde ditt bes\u00f6k. Tar du dig tiden att svara \u00e4r vi otroligt tacksamma.<br>Tack f\u00f6r att du hj\u00e4lper oss att utvecklas!<\/p>\n\n\n\n<div style=\"height:15px\" aria-hidden=\"true\" class=\"wp-block-spacer\"><\/div>\n\n\n\n<hr class=\"wp-block-separator has-alpha-channel-opacity\"\/>\n\n\n\n<div style=\"height:15px\" aria-hidden=\"true\" class=\"wp-block-spacer\"><\/div>\n\n\n\n<p><strong>Vem \u00e4r din servicehj\u00e4lte?<\/strong><br>Har du en ov\u00e4ntad, spektakul\u00e4r eller bara helt vanlig ber\u00e4t-telse fr\u00e5n n\u00e5gon av v\u00e5ra serviceverkst\u00e4der runt om i landet? N\u00e5gon kanske har l\u00f6st ett klurigt problem med din lastbil, du kanske har f\u00e5tt ov\u00e4rderlig hj\u00e4lp n\u00e4r du blivit st\u00e5ende vid v\u00e4g-kanten med en fullastad buss. Eller s\u00e5 har du bara har l\u00e4mnat verkstaden med ett leende p\u00e5 l\u00e4pparna.<br><br>Dela din ber\u00e4ttelse och nominera din servicehj\u00e4lte p\u00e5 <a href=\"https:\/\/www.scania.com\/se\/sv\/home\/about-scania\/career\/servicehjaeltar.html\" data-type=\"link\" data-id=\"https:\/\/www.scania.com\/se\/sv\/home\/about-scania\/career\/servicehjaeltar.html\" target=\"_blank\" rel=\"noreferrer noopener\">scania.se\/servicehjaltar<\/a><\/p>\n\n\n\n<figure class=\"wp-block-image size-full is-resized\"><a href=\"https:\/\/be-ge.se\/wp-content\/uploads\/2025\/04\/A917pn8vh_voaylm_fso-kopiera.webp\"><img loading=\"lazy\" decoding=\"async\" width=\"602\" height=\"638\" src=\"https:\/\/be-ge.se\/wp-content\/uploads\/2025\/04\/A917pn8vh_voaylm_fso-kopiera.webp\" alt=\"\" class=\"wp-image-18686\" style=\"width:347px;height:auto\" srcset=\"https:\/\/be-ge.se\/wp-content\/uploads\/2025\/04\/A917pn8vh_voaylm_fso-kopiera.webp 602w, https:\/\/be-ge.se\/wp-content\/uploads\/2025\/04\/A917pn8vh_voaylm_fso-kopiera-283x300.webp 283w, https:\/\/be-ge.se\/wp-content\/uploads\/2025\/04\/A917pn8vh_voaylm_fso-kopiera-11x12.webp 11w\" sizes=\"(max-width: 602px) 100vw, 602px\" \/><\/a><figcaption class=\"wp-element-caption\">H\u00e4r har vi ett g\u00e4ng servicehj\u00e4ltar! Lag IckeDickeDoa som g\u00e5tt vidare till Sverigefinalen i Scania Top Team!<\/figcaption><\/figure>\n\n\n\n<div style=\"height:15px\" aria-hidden=\"true\" class=\"wp-block-spacer\"><\/div>\n\n\n\n<hr class=\"wp-block-separator has-alpha-channel-opacity\"\/>\n\n\n\n<div style=\"height:15px\" aria-hidden=\"true\" class=\"wp-block-spacer\"><\/div>\n\n\n\n<figure class=\"wp-block-image size-full\"><a href=\"https:\/\/be-ge.se\/wp-content\/uploads\/2025\/04\/A9gbmsb0_voaylo_fso-kopiera.webp\"><img loading=\"lazy\" decoding=\"async\" width=\"918\" height=\"596\" src=\"https:\/\/be-ge.se\/wp-content\/uploads\/2025\/04\/A9gbmsb0_voaylo_fso-kopiera.webp\" alt=\"\" class=\"wp-image-18687\" srcset=\"https:\/\/be-ge.se\/wp-content\/uploads\/2025\/04\/A9gbmsb0_voaylo_fso-kopiera.webp 918w, https:\/\/be-ge.se\/wp-content\/uploads\/2025\/04\/A9gbmsb0_voaylo_fso-kopiera-300x195.webp 300w, https:\/\/be-ge.se\/wp-content\/uploads\/2025\/04\/A9gbmsb0_voaylo_fso-kopiera-768x499.webp 768w, https:\/\/be-ge.se\/wp-content\/uploads\/2025\/04\/A9gbmsb0_voaylo_fso-kopiera-18x12.webp 18w\" sizes=\"(max-width: 918px) 100vw, 918px\" \/><\/a><\/figure>\n\n\n\n<p><strong>Sveriges b\u00e4sta Scaniaverkstad<\/strong><br><br>Tack vare er, v\u00e5ra fantastiska kunder och v\u00e5rt serviceteam, blev v\u00e5r verkstad i Oskarshamn utsedd till Sveriges b\u00e4sta Scaniaverkstad 2024. Vi \u00e4r oerh\u00f6rt glada och stolta \u00f6ver denna utm\u00e4rkelse, utan er hade det aldrig varit m\u00f6jligt! <br><br>N\u00e5gra ord fr\u00e5n sektorchef Michael Larsen:<br><em>\u201dVi \u00e4r otroligt stolta \u00f6ver det jobb som personalen i Oskars-hamn l\u00e4gger ner varje dag f\u00f6r att f\u00e5nga upp v\u00e5ra kunders otroligt viktiga \u00e5sikter. Tack f\u00f6r att ni tar er tiden att svara p\u00e5 v\u00e5ra tv\u00e5 sms-fr\u00e5gor som ni f\u00e5r efter ert senaste verkstadsbe-s\u00f6k. Vi vill \u00e4ven tacka Micke och Andrea p\u00e5 Scania Sverige f\u00f6r priset. Det \u00e4r tillsammans som vi lyckas!\u201d<\/em><\/p>\n\n\n\n<div style=\"height:15px\" aria-hidden=\"true\" class=\"wp-block-spacer\"><\/div>\n\n\n\n<hr class=\"wp-block-separator has-alpha-channel-opacity\"\/>\n\n\n\n<div style=\"height:15px\" aria-hidden=\"true\" class=\"wp-block-spacer\"><\/div>\n\n\n\n<p><strong>V\u00e5ra \u00f6ppettider<\/strong><br>Oskarshamn<br>M\u00e5ndag &#8211; Torsdag: 07.00-18.00 <br>Fredag: 07.00-16.00<br>L\u00f6rdag: 07.00-13.00<br><br><strong>Vetlanda<\/strong><br>M\u00e5ndag &amp; Fredag: 07.00-16.00 <br>Tisdag &#8211; Torsdag: 07.00-18.00 <br>L\u00f6rdag: 07.00-13.00<\/p>\n\n\n\n<p><strong>Visby (nya, tillf\u00e4lliga tider) <\/strong><br>M\u00e5ndag &#8211; Fredag: 07.00-16.00 <br>L\u00f6rdag: 07.00-13.00<br><br><strong>Hultsfred<\/strong><br>M\u00e5ndag &#8211; Fredag: 07.00-16.00 <br>L\u00f6rdag: 07.00-13.00<\/p>\n\n\n\n<div style=\"height:15px\" aria-hidden=\"true\" class=\"wp-block-spacer\"><\/div>\n\n\n\n<hr class=\"wp-block-separator has-alpha-channel-opacity\"\/>\n\n\n\n<figure class=\"wp-block-image size-large\"><a href=\"https:\/\/be-ge.se\/wp-content\/uploads\/2025\/04\/A91yuejnw_voaylu_fso-kopiera.webp\"><img loading=\"lazy\" decoding=\"async\" width=\"1024\" height=\"728\" src=\"https:\/\/be-ge.se\/wp-content\/uploads\/2025\/04\/A91yuejnw_voaylu_fso-kopiera-1024x728.webp\" alt=\"\" class=\"wp-image-18688\" srcset=\"https:\/\/be-ge.se\/wp-content\/uploads\/2025\/04\/A91yuejnw_voaylu_fso-kopiera-1024x728.webp 1024w, https:\/\/be-ge.se\/wp-content\/uploads\/2025\/04\/A91yuejnw_voaylu_fso-kopiera-300x213.webp 300w, https:\/\/be-ge.se\/wp-content\/uploads\/2025\/04\/A91yuejnw_voaylu_fso-kopiera-768x546.webp 768w, https:\/\/be-ge.se\/wp-content\/uploads\/2025\/04\/A91yuejnw_voaylu_fso-kopiera-1536x1091.webp 1536w, https:\/\/be-ge.se\/wp-content\/uploads\/2025\/04\/A91yuejnw_voaylu_fso-kopiera-2048x1455.webp 2048w, https:\/\/be-ge.se\/wp-content\/uploads\/2025\/04\/A91yuejnw_voaylu_fso-kopiera-18x12.webp 18w\" sizes=\"(max-width: 1024px) 100vw, 1024px\" \/><\/a><figcaption class=\"wp-element-caption\"><a href=\"https:\/\/lb.be-ge.se\/begagnat\/\" data-type=\"page\" data-id=\"10278\">Se v\u00e5ra begagnade lastbilar och tillbeh\u00f6r h\u00e4r.<\/a><\/figcaption><\/figure>\n\n\n\n<p><strong>Varmt v\u00e4lkommen att kontakta n\u00e5gon av v\u00e5ra s\u00e4ljare vid intresse!<\/strong><br><\/p>\n\n\n\n<div class=\"wp-block-buttons is-layout-flex wp-block-buttons-is-layout-flex\">\n<div class=\"wp-block-button\"><a class=\"wp-block-button__link has-white-color has-vivid-cyan-blue-background-color has-text-color has-background has-link-color wp-element-button\" href=\"https:\/\/lb.be-ge.se\/kontaktformular-thomas-olofsson\/\" target=\"_blank\" rel=\"noreferrer noopener\">Thomas Olofsson<\/a><\/div>\n\n\n\n<div class=\"wp-block-button\"><a class=\"wp-block-button__link has-white-color has-vivid-cyan-blue-background-color has-text-color has-background has-link-color wp-element-button\" href=\"https:\/\/lb.be-ge.se\/kontaktformular-mikael-brodin\/\" target=\"_blank\" rel=\"noreferrer noopener\">Mikael Brodin<\/a><\/div>\n\n\n\n<div class=\"wp-block-button\"><a class=\"wp-block-button__link has-white-color has-vivid-cyan-blue-background-color has-text-color has-background has-link-color wp-element-button\" href=\"https:\/\/lb.be-ge.se\/kontaktformular-bo-svard\/\" target=\"_blank\" rel=\"noreferrer noopener\">Bo Sv\u00e4rd<\/a><\/div>\n\n\n\n<div class=\"wp-block-button\"><a class=\"wp-block-button__link has-white-color has-vivid-cyan-blue-background-color has-text-color has-background has-link-color wp-element-button\" href=\"https:\/\/lb.be-ge.se\/kontaktformular-mattias-roden\/\" target=\"_blank\" rel=\"noreferrer noopener\">Mattias R\u00f6d\u00e9n<\/a><\/div>\n<\/div>\n\n\n\n<div style=\"height:20px\" aria-hidden=\"true\" class=\"wp-block-spacer\"><\/div>\n\n\n\n<p><em><sup>Source: <a href=\"https:\/\/lb.be-ge.se\/be-ge-nytt-april-2025\/\">https:\/\/lb.be-ge.se\/be-ge-nytt-april-2025\/<\/a><\/sup><\/em><\/p>\n\n\n\n<p><\/p>","protected":false},"excerpt":{"rendered":"<p>NYHETER FR\u00c5N BE-GE LASTBILAR T\u00e4vla med ert kontrollpaket &#8211; spara br\u00e4nsle och vinn fina priser!T\u00e4vling f\u00f6r alla med kontrollpaket och ni som tecknar nya paket. Var med och t\u00e4vla om fina priser d\u00e4r alla besparingar av br\u00e4nslen ing\u00e5r. Anm\u00e4l ert fordon och chauff\u00f6r som ska vara med s\u00e5 vi tillsammans kan f\u00f6lja bilen under perioden [&hellip;]<\/p>\n","protected":false},"author":13,"featured_media":0,"comment_status":"closed","ping_status":"closed","sticky":false,"template":"","format":"standard","meta":{"_acf_changed":false,"footnotes":""},"categories":[32],"tags":[],"class_list":["post-18681","post","type-post","status-publish","format-standard","hentry","category-nyheter"],"acf":[],"_links":{"self":[{"href":"https:\/\/be-ge.se\/en\/wp-json\/wp\/v2\/posts\/18681","targetHints":{"allow":["GET"]}}],"collection":[{"href":"https:\/\/be-ge.se\/en\/wp-json\/wp\/v2\/posts"}],"about":[{"href":"https:\/\/be-ge.se\/en\/wp-json\/wp\/v2\/types\/post"}],"author":[{"embeddable":true,"href":"https:\/\/be-ge.se\/en\/wp-json\/wp\/v2\/users\/13"}],"replies":[{"embeddable":true,"href":"https:\/\/be-ge.se\/en\/wp-json\/wp\/v2\/comments?post=18681"}],"version-history":[{"count":0,"href":"https:\/\/be-ge.se\/en\/wp-json\/wp\/v2\/posts\/18681\/revisions"}],"wp:attachment":[{"href":"https:\/\/be-ge.se\/en\/wp-json\/wp\/v2\/media?parent=18681"}],"wp:term":[{"taxonomy":"category","embeddable":true,"href":"https:\/\/be-ge.se\/en\/wp-json\/wp\/v2\/categories?post=18681"},{"taxonomy":"post_tag","embeddable":true,"href":"https:\/\/be-ge.se\/en\/wp-json\/wp\/v2\/tags?post=18681"}],"curies":[{"name":"wp","href":"https:\/\/api.w.org\/{rel}","templated":true}]}}