{"id":17491,"date":"2025-01-10T15:11:59","date_gmt":"2025-01-10T14:11:59","guid":{"rendered":"https:\/\/be-ge.se\/?p=17491"},"modified":"2025-01-10T15:12:02","modified_gmt":"2025-01-10T14:12:02","slug":"be-ge-lastbilar-ab-be-ge-nytt-januari-2025","status":"publish","type":"post","link":"https:\/\/be-ge.se\/en\/be-ge-lastbilar-ab-be-ge-nytt-januari-2025\/","title":{"rendered":"Be-Ge Lastbilar AB, Be-Ge Nytt januari 2025"},"content":{"rendered":"<figure class=\"wp-block-image size-full\"><a href=\"https:\/\/lb.be-ge.se\/wp-content\/uploads\/2025\/01\/Skarmbild-2025-01-10-145448.png\"><img decoding=\"async\" src=\"https:\/\/lb.be-ge.se\/wp-content\/uploads\/2025\/01\/Skarmbild-2025-01-10-145448.png\" alt=\"\" class=\"wp-image-92319\"\/><\/a><\/figure>\n\n\n\n<p><a href=\"https:\/\/media.be-ge.se\/?r=15421\" data-type=\"link\" data-id=\"https:\/\/media.be-ge.se\/?r=15421\">Download PDF here<\/a><br><\/p>\n\n\n\n<p><strong>Tack f\u00f6r f\u00f6rtroendet<\/strong><\/p>\n\n\n\n<p>God Forts\u00e4ttning och Tack alla ni som valde att investera er nya Scania genom oss. Vi \u00e4r otroligt stolta av att \u00e5terigen vara MARKNADSLEDARE f\u00f6r \u00e5ret som g\u00e5tt. 2024 levererade vi betydligt fler Scania \u00e4n b\u00e5de Volvo och Mercedes. Som brukligt \u00e4r bjuder vi p\u00e5 klassisk marknadsledart\u00e5rta fredagen den 17 januari p\u00e5 v\u00e5ra<br>kundmottagningar.<\/p>\n\n\n\n<p>Vi \u00e4r ocks\u00e5 mycket stolta \u00f6ver det betyg ni ger oss i v\u00e5r kundunders\u00f6kning, sist var vi 1:a i Sverige och nu 4:a. 1:a platsen har vi tillf\u00e4lligt l\u00e5nat ut, V\u00e5ra verkst\u00e4der \u00f6kar trots missad f\u00f6rstaplats och Oskarshamn\/ Hultsfred\/Vetlanda ligger topp i Sverige. Gl\u00e4djande \u00e4r att Visby kl\u00e4ttrar och f\u00e5r betydligt b\u00e4ttre betyg vilket visar att vi \u00e4r p\u00e5 v\u00e4g \u00e5t r\u00e4tt h\u00e5ll. Vi jobbar st\u00e4ndigt med att bli b\u00e4ttre och tar emot synpunkter som ni vet, b\u00e5de negativa och positiva s\u00e5 forts\u00e4tt med det tack.<\/p>\n\n\n\n<p>Aktiviteter jobbar vi st\u00e4ndigt med och f\u00e5r \u00f6nskem\u00e5l emellan\u00e5t. N\u00e4sta resa g\u00e5r till<br>Bor\u00e5s och G\u00f6teborg i st\u00e4llet f\u00f6r Stockholm och \u00e4r n\u00e4stan fullt, hittills 98 deltagare av 100 m\u00f6jliga \u2013 superkul att m\u00e5nga vill h\u00e4nga med. Mer \u00e4r p\u00e5 g\u00e5ng s\u00e5 h\u00e5ll utkik.<br>K\u00f6r lugnt,<\/p>\n\n\n\n<p>B\u00e4sta h\u00e4lsningar,<br>Be-Ge Lastbilar \/ T Engsund<\/p>\n\n\n\n<p class=\"has-very-light-gray-to-cyan-bluish-gray-gradient-background has-background\">Varmt v\u00e4lkomna p\u00e5 marknadsledart\u00e5rta!<br>Alla verkst\u00e4der Fredag 17\/1, kl. 14.30<\/p>\n\n\n\n<p><strong>Kommande aktiviteter<\/strong><br>&#8211; V10 YKB-kurser, alla moduler, Vetlanda<br>&#8211; V15 YKB-kurser, alla moduler, Visby<br>&#8211; 17\/1 Marknadsledart\u00e5rta p\u00e5 v\u00e5ra kundmottagningar kl 14.30, kom och ta en bit n\u00e4r s\u00e4ljarna dukar upp!<br>&#8211; 14-16\/3 \u00c5rets Weekenderesa till Bor\u00e5s\/G\u00f6teborg. 2 platser kvar!<br>&#8211; September Be-Ge Afterwork p\u00e5 alla verkst\u00e4der, datum ej klart<br>&#8211; September Be-Ge Veteran, datum ej klart <\/p>\n\n\n\n<p>F\u00f6r mer information kontakta n\u00e5gon av oss eller se v\u00e5r hemsida eller Facebook. Mer aktiviteter \u00e4r p\u00e5 g\u00e5ng men inte beslutade \u00e4n, s\u00e5 h\u00e5ll \u00f6gon och \u00f6ron \u00f6ppna!<\/p>\n\n\n\n<p><strong>Nya ansikten i v\u00e5r verksamhet<\/strong><\/p>\n\n\n\n<figure class=\"wp-block-image size-large\"><a href=\"https:\/\/lb.be-ge.se\/wp-content\/uploads\/2025\/01\/469323815_1138739201594801_1233551404633779292_n.jpg\"><img decoding=\"async\" src=\"https:\/\/lb.be-ge.se\/wp-content\/uploads\/2025\/01\/469323815_1138739201594801_1233551404633779292_n-1024x1024.jpg\" alt=\"\" class=\"wp-image-92320\"\/><\/a><\/figure>\n\n\n\n<p>Vi h\u00e4lsar v\u00e5ra senaste tillskott i personalstyrkan, Elias, William, Erika och Filippa, varmt v\u00e4lkomna till oss p\u00e5 Be-Ge Lastbilar! \u00c4r du kanske v\u00e5r nya kollega? Just nu s\u00f6ker vi efter en kundmottagare i Vetlanda. Tveka inte p\u00e5 att ans\u00f6ka p\u00e5 v\u00e5r hemsida!<\/p>\n\n\n\n<p><strong>B\u00e4ttre r\u00e4ckvidd med Scanias biogastankar<\/strong><\/p>\n\n\n\n<p>Scanias produktportf\u00f6lj f\u00f6r komprimerad biogas forts\u00e4tter att v\u00e4xa. De nya och st\u00f6rre biogastankarna ger en r\u00e4ckvidd p\u00e5 n\u00e4rmare 80 mil , vilket leder till att \u00e5kerierna f\u00f6r \u00e4nnu b\u00e4ttre m\u00f6jligheter att k\u00f6ra h\u00e5llbart f\u00f6r olika typer av transporter. Vill du veta mer? Varmt v\u00e4lkommen att kontakta din lokala s\u00e4ljare!<\/p>\n\n\n\n<p class=\"has-very-light-gray-to-cyan-bluish-gray-gradient-background has-background\"><strong>Utbildningar \u2013 h\u00f6j er kunskap via oss!<br><\/strong>Vi har alltid utbildningar p\u00e5 g\u00e5ng inom YKB och ADR, men \u00e4ven andra digitalt. Exempel p\u00e5 digitala utbildningar \u00e4r Arbete p\u00e5 v\u00e4g, ADR 1.3, Grundl\u00e4ggande livsmedelstransport och bakgavellyft. <a href=\"https:\/\/lb.be-ge.se\/kontaktformular-hakan-berg\/\" data-type=\"page\" data-id=\"12274\">V\u00e4lkomna att kontakta H\u00e5kan Berg f\u00f6r bokning!<\/a><\/p>\n\n\n\n<p><strong>Invigning av Hultsfred 2.0<br><\/strong>Stort tack till alla som och firade invigning av efterl\u00e4ngtade Hultsfred 2.0 tillsammans med oss!<\/p>\n\n\n\n<p><strong>V\u00e5ra \u00f6ppettider<\/strong><\/p>\n\n\n\n<p><strong>Oskarshamn<\/strong><br>M\u00e5ndag &#8211; Torsdag: 07.00-18.00<br>Fredag: 07.00-16.00<br>L\u00f6rdag: 07.00-13.00<\/p>\n\n\n\n<p><strong>Vetlanda<\/strong><br>M\u00e5ndag &amp; Fredag: 07.00-16.00<br>Tisdag &#8211; Torsdag: 07.00-18.00<br>L\u00f6rdag: 07.00-13.00<\/p>\n\n\n\n<p><strong>Visby<\/strong><br>M\u00e5ndag &amp; Fredag: 07.00-16.00<br>Tisdag &#8211; Torsdag: 07.00-18.00<br>L\u00f6rdag: 07.00-14.00<\/p>\n\n\n\n<p><strong>Hultsfred<\/strong><br>M\u00e5ndag &#8211; Fredag: 07.00-16.00<br>L\u00f6rdag: 07.00-13.00<\/p>\n\n\n\n<p><\/p>\n\n\n\n<p><\/p>","protected":false},"excerpt":{"rendered":"<p>Ladda ner PDF h\u00e4r Tack f\u00f6r f\u00f6rtroendet God Forts\u00e4ttning och Tack alla ni som valde att investera er nya Scania genom oss. Vi \u00e4r otroligt stolta av att \u00e5terigen vara MARKNADSLEDARE f\u00f6r \u00e5ret som g\u00e5tt. 2024 levererade vi betydligt fler Scania \u00e4n b\u00e5de Volvo och Mercedes. Som brukligt \u00e4r bjuder vi p\u00e5 klassisk marknadsledart\u00e5rta fredagen [&hellip;]<\/p>\n","protected":false},"author":7,"featured_media":0,"comment_status":"closed","ping_status":"closed","sticky":false,"template":"","format":"standard","meta":{"_acf_changed":false,"footnotes":""},"categories":[32],"tags":[130],"class_list":["post-17491","post","type-post","status-publish","format-standard","hentry","category-nyheter","tag-be-ge-lastbilar-ab"],"acf":[],"_links":{"self":[{"href":"https:\/\/be-ge.se\/en\/wp-json\/wp\/v2\/posts\/17491","targetHints":{"allow":["GET"]}}],"collection":[{"href":"https:\/\/be-ge.se\/en\/wp-json\/wp\/v2\/posts"}],"about":[{"href":"https:\/\/be-ge.se\/en\/wp-json\/wp\/v2\/types\/post"}],"author":[{"embeddable":true,"href":"https:\/\/be-ge.se\/en\/wp-json\/wp\/v2\/users\/7"}],"replies":[{"embeddable":true,"href":"https:\/\/be-ge.se\/en\/wp-json\/wp\/v2\/comments?post=17491"}],"version-history":[{"count":0,"href":"https:\/\/be-ge.se\/en\/wp-json\/wp\/v2\/posts\/17491\/revisions"}],"wp:attachment":[{"href":"https:\/\/be-ge.se\/en\/wp-json\/wp\/v2\/media?parent=17491"}],"wp:term":[{"taxonomy":"category","embeddable":true,"href":"https:\/\/be-ge.se\/en\/wp-json\/wp\/v2\/categories?post=17491"},{"taxonomy":"post_tag","embeddable":true,"href":"https:\/\/be-ge.se\/en\/wp-json\/wp\/v2\/tags?post=17491"}],"curies":[{"name":"wp","href":"https:\/\/api.w.org\/{rel}","templated":true}]}}