{"id":17304,"date":"2024-12-13T10:04:12","date_gmt":"2024-12-13T09:04:12","guid":{"rendered":"https:\/\/be-ge.se\/?p=17304"},"modified":"2024-12-13T10:04:13","modified_gmt":"2024-12-13T09:04:13","slug":"be-ge-lastbilar-ab-varmt-valkomna-pa-julfrukost","status":"publish","type":"post","link":"https:\/\/be-ge.se\/en\/be-ge-lastbilar-ab-varmt-valkomna-pa-julfrukost\/","title":{"rendered":"Be-Ge Lastbilar AB, Varmt v\u00e4lkomna p\u00e5 julfrukost!"},"content":{"rendered":"<figure class=\"wp-block-image size-large\"><a href=\"https:\/\/be-ge.se\/wp-content\/uploads\/2024\/12\/Julfrukost-24.webp\"><img fetchpriority=\"high\" decoding=\"async\" width=\"819\" height=\"1024\" src=\"https:\/\/be-ge.se\/wp-content\/uploads\/2024\/12\/Julfrukost-24-819x1024.webp\" alt=\"\" class=\"wp-image-17305\" srcset=\"https:\/\/be-ge.se\/wp-content\/uploads\/2024\/12\/Julfrukost-24-819x1024.webp 819w, https:\/\/be-ge.se\/wp-content\/uploads\/2024\/12\/Julfrukost-24-240x300.webp 240w, https:\/\/be-ge.se\/wp-content\/uploads\/2024\/12\/Julfrukost-24-768x960.webp 768w, https:\/\/be-ge.se\/wp-content\/uploads\/2024\/12\/Julfrukost-24-1229x1536.webp 1229w, https:\/\/be-ge.se\/wp-content\/uploads\/2024\/12\/Julfrukost-24-10x12.webp 10w, https:\/\/be-ge.se\/wp-content\/uploads\/2024\/12\/Julfrukost-24.webp 1500w\" sizes=\"(max-width: 819px) 100vw, 819px\" \/><\/a><\/figure>\n\n\n\n<p>Be-Ge Lastbilar AB serverar julfrukost fredagen den 20\/12 p\u00e5 alla v\u00e5ra verkst\u00e4der mellan klockan 09.00 och 10.00. V\u00e4lkommen att fira in julen tillsammans med oss!<\/p>\n\n\n\n<p>Anm\u00e4l till en av v\u00e5ra s\u00e4ljare:<\/p>\n\n\n\n<div class=\"wp-block-buttons is-layout-flex wp-block-buttons-is-layout-flex\">\n<div class=\"wp-block-button\"><a class=\"wp-block-button__link has-white-color has-vivid-cyan-blue-background-color has-text-color has-background has-link-color wp-element-button\" href=\"https:\/\/lb.be-ge.se\/kontaktformular-thomas-olofsson\/\">Thomas Olofsson<\/a><\/div>\n\n\n\n<div class=\"wp-block-button\"><a class=\"wp-block-button__link has-white-color has-vivid-cyan-blue-background-color has-text-color has-background has-link-color wp-element-button\" href=\"https:\/\/lb.be-ge.se\/kontaktformular-bo-svard\/\">Bo Sv\u00e4rd<\/a><\/div>\n\n\n\n<div class=\"wp-block-button\"><a class=\"wp-block-button__link has-white-color has-vivid-cyan-blue-background-color has-text-color has-background has-link-color wp-element-button\" href=\"https:\/\/lb.be-ge.se\/kontaktformular-mikael-brodin\/\">Mikael Brodin<\/a><\/div>\n\n\n\n<div class=\"wp-block-button\"><a class=\"wp-block-button__link has-white-color has-vivid-cyan-blue-background-color has-text-color has-background has-link-color wp-element-button\" href=\"https:\/\/lb.be-ge.se\/kontaktformular-mattias-roden\/\">Mattias R\u00f6d\u00e9n<\/a><\/div>\n<\/div>","protected":false},"excerpt":{"rendered":"<p>Be-Ge Lastbilar AB serverar julfrukost fredagen den 20\/12 p\u00e5 alla v\u00e5ra verkst\u00e4der mellan klockan 09.00 och 10.00. V\u00e4lkommen att fira in julen tillsammans med oss! Anm\u00e4l till en av v\u00e5ra s\u00e4ljare:<\/p>","protected":false},"author":18,"featured_media":0,"comment_status":"closed","ping_status":"closed","sticky":false,"template":"","format":"standard","meta":{"_acf_changed":false,"footnotes":""},"categories":[32],"tags":[130],"class_list":["post-17304","post","type-post","status-publish","format-standard","hentry","category-nyheter","tag-be-ge-lastbilar-ab"],"acf":[],"_links":{"self":[{"href":"https:\/\/be-ge.se\/en\/wp-json\/wp\/v2\/posts\/17304","targetHints":{"allow":["GET"]}}],"collection":[{"href":"https:\/\/be-ge.se\/en\/wp-json\/wp\/v2\/posts"}],"about":[{"href":"https:\/\/be-ge.se\/en\/wp-json\/wp\/v2\/types\/post"}],"author":[{"embeddable":true,"href":"https:\/\/be-ge.se\/en\/wp-json\/wp\/v2\/users\/18"}],"replies":[{"embeddable":true,"href":"https:\/\/be-ge.se\/en\/wp-json\/wp\/v2\/comments?post=17304"}],"version-history":[{"count":0,"href":"https:\/\/be-ge.se\/en\/wp-json\/wp\/v2\/posts\/17304\/revisions"}],"wp:attachment":[{"href":"https:\/\/be-ge.se\/en\/wp-json\/wp\/v2\/media?parent=17304"}],"wp:term":[{"taxonomy":"category","embeddable":true,"href":"https:\/\/be-ge.se\/en\/wp-json\/wp\/v2\/categories?post=17304"},{"taxonomy":"post_tag","embeddable":true,"href":"https:\/\/be-ge.se\/en\/wp-json\/wp\/v2\/tags?post=17304"}],"curies":[{"name":"wp","href":"https:\/\/api.w.org\/{rel}","templated":true}]}}