{"id":16802,"date":"2024-10-22T15:04:16","date_gmt":"2024-10-22T13:04:16","guid":{"rendered":"https:\/\/be-ge.se\/?p=16802"},"modified":"2024-10-22T15:05:19","modified_gmt":"2024-10-22T13:05:19","slug":"be-ge-lastbilar-ab-nya-gripen-ar-antligen-ute-2","status":"publish","type":"post","link":"https:\/\/be-ge.se\/en\/be-ge-lastbilar-ab-nya-gripen-ar-antligen-ute-2\/","title":{"rendered":"Be-Ge Lastbilar AB, Nya Gripen \u00e4r \u00e4ntligen ute!"},"content":{"rendered":"<figure class=\"wp-block-image size-large\"><a href=\"https:\/\/be-ge.se\/wp-content\/uploads\/2024\/10\/Gripen_Nr2_2024_Sida_1.webp\"><img fetchpriority=\"high\" decoding=\"async\" width=\"724\" height=\"1024\" src=\"https:\/\/be-ge.se\/wp-content\/uploads\/2024\/10\/Gripen_Nr2_2024_Sida_1-724x1024.webp\" alt=\"\" class=\"wp-image-16803\" srcset=\"https:\/\/be-ge.se\/wp-content\/uploads\/2024\/10\/Gripen_Nr2_2024_Sida_1-724x1024.webp 724w, https:\/\/be-ge.se\/wp-content\/uploads\/2024\/10\/Gripen_Nr2_2024_Sida_1-212x300.webp 212w, https:\/\/be-ge.se\/wp-content\/uploads\/2024\/10\/Gripen_Nr2_2024_Sida_1-768x1087.webp 768w, https:\/\/be-ge.se\/wp-content\/uploads\/2024\/10\/Gripen_Nr2_2024_Sida_1-8x12.webp 8w, https:\/\/be-ge.se\/wp-content\/uploads\/2024\/10\/Gripen_Nr2_2024_Sida_1.webp 827w\" sizes=\"(max-width: 724px) 100vw, 724px\" \/><\/a><\/figure>\n\n\n\n<p>Nu finns \u00e4ntligen ett rykande f\u00e4rsk nummer ute av nya Gripen &#8211; som nu har f\u00e5tt ett uppdaterat utseende!<br>I den nya upplagan m\u00f6ter vi bland annat Leif Karlsson p\u00e5 Hultsfreds Frakt AB som ber\u00e4ttar sin historia och hur han investerar f\u00f6r framtiden. Ni f\u00e5r \u00e4ven ta del av n\u00e5gra av de fina veteranlastbilarna som kom p\u00e5 bes\u00f6k under v\u00e5rt \u00f6ppna hus i september, reportage om v\u00e5ra framtida kollegor, nya leveranser och mycket mer. Missa inte detta!<\/p>\n\n\n\n<p>L\u00e4s nya Gripen <a href=\"https:\/\/lb.be-ge.se\/gripen\/\">h\u00e4r!<\/a> <\/p>","protected":false},"excerpt":{"rendered":"<p>Nu finns \u00e4ntligen ett rykande f\u00e4rsk nummer ute av nya Gripen &#8211; som nu har f\u00e5tt ett uppdaterat utseende!I den nya upplagan m\u00f6ter vi bland annat Leif Karlsson p\u00e5 Hultsfreds Frakt AB som ber\u00e4ttar sin historia och hur han investerar f\u00f6r framtiden. Ni f\u00e5r \u00e4ven ta del av n\u00e5gra av de fina veteranlastbilarna som kom [&hellip;]<\/p>\n","protected":false},"author":18,"featured_media":0,"comment_status":"closed","ping_status":"closed","sticky":false,"template":"","format":"standard","meta":{"_acf_changed":false,"footnotes":""},"categories":[32],"tags":[130],"class_list":["post-16802","post","type-post","status-publish","format-standard","hentry","category-nyheter","tag-be-ge-lastbilar-ab"],"acf":[],"_links":{"self":[{"href":"https:\/\/be-ge.se\/en\/wp-json\/wp\/v2\/posts\/16802","targetHints":{"allow":["GET"]}}],"collection":[{"href":"https:\/\/be-ge.se\/en\/wp-json\/wp\/v2\/posts"}],"about":[{"href":"https:\/\/be-ge.se\/en\/wp-json\/wp\/v2\/types\/post"}],"author":[{"embeddable":true,"href":"https:\/\/be-ge.se\/en\/wp-json\/wp\/v2\/users\/18"}],"replies":[{"embeddable":true,"href":"https:\/\/be-ge.se\/en\/wp-json\/wp\/v2\/comments?post=16802"}],"version-history":[{"count":0,"href":"https:\/\/be-ge.se\/en\/wp-json\/wp\/v2\/posts\/16802\/revisions"}],"wp:attachment":[{"href":"https:\/\/be-ge.se\/en\/wp-json\/wp\/v2\/media?parent=16802"}],"wp:term":[{"taxonomy":"category","embeddable":true,"href":"https:\/\/be-ge.se\/en\/wp-json\/wp\/v2\/categories?post=16802"},{"taxonomy":"post_tag","embeddable":true,"href":"https:\/\/be-ge.se\/en\/wp-json\/wp\/v2\/tags?post=16802"}],"curies":[{"name":"wp","href":"https:\/\/api.w.org\/{rel}","templated":true}]}}