{"id":16736,"date":"2024-10-18T11:14:15","date_gmt":"2024-10-18T09:14:15","guid":{"rendered":"https:\/\/be-ge.se\/?p=16736"},"modified":"2024-10-18T11:14:18","modified_gmt":"2024-10-18T09:14:18","slug":"be-ge-lastbilar-ab-fint-reportage-om-oppen-verkstad-i-visby-av-radio-gotland","status":"publish","type":"post","link":"https:\/\/be-ge.se\/en\/be-ge-lastbilar-ab-fint-reportage-om-oppen-verkstad-i-visby-av-radio-gotland\/","title":{"rendered":"Be-Ge Lastbilar AB, Fint reportage om \u00f6ppen verkstad i Visby av Radio Gotland"},"content":{"rendered":"<figure class=\"wp-block-image size-full\"><a href=\"https:\/\/be-ge.se\/wp-content\/uploads\/2024\/10\/20241017_111241.webp\"><img fetchpriority=\"high\" decoding=\"async\" width=\"1000\" height=\"750\" src=\"https:\/\/be-ge.se\/wp-content\/uploads\/2024\/10\/20241017_111241.webp\" alt=\"\" class=\"wp-image-16737\" srcset=\"https:\/\/be-ge.se\/wp-content\/uploads\/2024\/10\/20241017_111241.webp 1000w, https:\/\/be-ge.se\/wp-content\/uploads\/2024\/10\/20241017_111241-300x225.webp 300w, https:\/\/be-ge.se\/wp-content\/uploads\/2024\/10\/20241017_111241-768x576.webp 768w, https:\/\/be-ge.se\/wp-content\/uploads\/2024\/10\/20241017_111241-16x12.webp 16w\" sizes=\"(max-width: 1000px) 100vw, 1000px\" \/><\/a><\/figure>\n\n\n\n<p>Under g\u00e5rdagens \u00f6ppen verkstad hos oss p\u00e5 Be-Ge Lastbilar i Visby fick vi bes\u00f6k av ett h\u00e4rligt g\u00e4ng elever fr\u00e5n Guteskolan som g\u00e5r i \u00e5rskurs 9 och snart ska g\u00f6ra sitt gymnasieval f\u00f6r framtiden. Radio Gotland kom \u00e4ven f\u00f6rbi och intervjuade b\u00e5de vd Tomas Engsund och en av eleverna.<\/p>\n\n\n\n<p>Lyssna p\u00e5 reportaget <a href=\"https:\/\/sverigesradio.se\/avsnitt\/2465468#7515\">H\u00c4R<\/a><\/p>","protected":false},"excerpt":{"rendered":"<p>Under g\u00e5rdagens \u00f6ppen verkstad hos oss p\u00e5 Be-Ge Lastbilar i Visby fick vi bes\u00f6k av ett h\u00e4rligt g\u00e4ng elever fr\u00e5n Guteskolan som g\u00e5r i \u00e5rskurs 9 och snart ska g\u00f6ra sitt gymnasieval f\u00f6r framtiden. Radio Gotland kom \u00e4ven f\u00f6rbi och intervjuade b\u00e5de vd Tomas Engsund och en av eleverna. Lyssna p\u00e5 reportaget H\u00c4R<\/p>","protected":false},"author":18,"featured_media":0,"comment_status":"closed","ping_status":"closed","sticky":false,"template":"","format":"standard","meta":{"_acf_changed":false,"footnotes":""},"categories":[32],"tags":[130],"class_list":["post-16736","post","type-post","status-publish","format-standard","hentry","category-nyheter","tag-be-ge-lastbilar-ab"],"acf":[],"_links":{"self":[{"href":"https:\/\/be-ge.se\/en\/wp-json\/wp\/v2\/posts\/16736","targetHints":{"allow":["GET"]}}],"collection":[{"href":"https:\/\/be-ge.se\/en\/wp-json\/wp\/v2\/posts"}],"about":[{"href":"https:\/\/be-ge.se\/en\/wp-json\/wp\/v2\/types\/post"}],"author":[{"embeddable":true,"href":"https:\/\/be-ge.se\/en\/wp-json\/wp\/v2\/users\/18"}],"replies":[{"embeddable":true,"href":"https:\/\/be-ge.se\/en\/wp-json\/wp\/v2\/comments?post=16736"}],"version-history":[{"count":0,"href":"https:\/\/be-ge.se\/en\/wp-json\/wp\/v2\/posts\/16736\/revisions"}],"wp:attachment":[{"href":"https:\/\/be-ge.se\/en\/wp-json\/wp\/v2\/media?parent=16736"}],"wp:term":[{"taxonomy":"category","embeddable":true,"href":"https:\/\/be-ge.se\/en\/wp-json\/wp\/v2\/categories?post=16736"},{"taxonomy":"post_tag","embeddable":true,"href":"https:\/\/be-ge.se\/en\/wp-json\/wp\/v2\/tags?post=16736"}],"curies":[{"name":"wp","href":"https:\/\/api.w.org\/{rel}","templated":true}]}}