{"id":16605,"date":"2024-10-10T10:57:26","date_gmt":"2024-10-10T08:57:26","guid":{"rendered":"https:\/\/be-ge.se\/?p=16605"},"modified":"2024-10-10T10:57:28","modified_gmt":"2024-10-10T08:57:28","slug":"be-ge-seating-divisionjubileumsfirande-pa-be-ge-seating-i-frostrup","status":"publish","type":"post","link":"https:\/\/be-ge.se\/en\/be-ge-seating-divisionjubileumsfirande-pa-be-ge-seating-i-frostrup\/","title":{"rendered":"Be-Ge Seating Division, Anniversary celebration at Be-Ge Seating in Fr\u00f8strup"},"content":{"rendered":"<figure class=\"wp-block-image size-full\"><a href=\"https:\/\/be-ge.se\/wp-content\/uploads\/2024\/10\/IMG_3548__.webp\"><img fetchpriority=\"high\" decoding=\"async\" width=\"1000\" height=\"679\" src=\"https:\/\/be-ge.se\/wp-content\/uploads\/2024\/10\/IMG_3548__.webp\" alt=\"\" class=\"wp-image-16606\" srcset=\"https:\/\/be-ge.se\/wp-content\/uploads\/2024\/10\/IMG_3548__.webp 1000w, https:\/\/be-ge.se\/wp-content\/uploads\/2024\/10\/IMG_3548__-300x204.webp 300w, https:\/\/be-ge.se\/wp-content\/uploads\/2024\/10\/IMG_3548__-768x521.webp 768w, https:\/\/be-ge.se\/wp-content\/uploads\/2024\/10\/IMG_3548__-18x12.webp 18w\" sizes=\"(max-width: 1000px) 100vw, 1000px\" \/><\/a><\/figure>\n\n\n\n<p>Last Saturday (05\/10) our colleagues in Denmark invited their families and closets friends to a small celebration event at the factory.<\/p>\n\n\n\n<p>I \u00e5r fyller BE-GE 90 \u00e5r och varum\u00e4rket JANY \u00e4r 50 \u00e5r tillbaka i tiden. Vi valde att fira detta dubbla jubileum genom att starta upp hela fabriken en kort stund p\u00e5 en l\u00f6rdag. Vi hade bjudit in ett urval g\u00e4ster f\u00f6r att sj\u00e4lva se hur en vardag f\u00f6r oss kunde se ut. G\u00e4sterna m\u00f6ttes med r\u00f6d matta, flaggor, ballonger och mycket kaffe och kaka medan VD Erik Lodahl h\u00f6ll en f\u00f6retagspresentation. Efter detta delades g\u00e4sterna in i mindre grupper och gick p\u00e5 en guidad tur genom fabriken. N\u00e4r alla inl\u00e4gg bes\u00f6kts och de flesta fr\u00e5gorna besvarats samlades vi alla f\u00f6r en &#8221;korv buff\u00e9&#8221; och en drink innan eventet avslutades. Ett stort tack till alla v\u00e5ra g\u00e4ster och alla som var med och gjorde evenemanget till en succ\u00e9.<\/p>","protected":false},"excerpt":{"rendered":"<p>I l\u00f6rdags (5\/10) bj\u00f6d v\u00e5ra kollegor i Danmark in sina familjer och v\u00e4nner till ett litet firande p\u00e5 fabriken. I \u00e5r fyller BE-GE 90 \u00e5r och varum\u00e4rket JANY \u00e4r 50 \u00e5r tillbaka i tiden. Vi valde att fira detta dubbla jubileum genom att starta upp hela fabriken en kort stund p\u00e5 en l\u00f6rdag. Vi hade [&hellip;]<\/p>\n","protected":false},"author":7,"featured_media":0,"comment_status":"closed","ping_status":"closed","sticky":false,"template":"","format":"standard","meta":{"_acf_changed":false,"footnotes":""},"categories":[32],"tags":[136],"class_list":["post-16605","post","type-post","status-publish","format-standard","hentry","category-nyheter","tag-be-ge-seating-division"],"acf":[],"_links":{"self":[{"href":"https:\/\/be-ge.se\/en\/wp-json\/wp\/v2\/posts\/16605","targetHints":{"allow":["GET"]}}],"collection":[{"href":"https:\/\/be-ge.se\/en\/wp-json\/wp\/v2\/posts"}],"about":[{"href":"https:\/\/be-ge.se\/en\/wp-json\/wp\/v2\/types\/post"}],"author":[{"embeddable":true,"href":"https:\/\/be-ge.se\/en\/wp-json\/wp\/v2\/users\/7"}],"replies":[{"embeddable":true,"href":"https:\/\/be-ge.se\/en\/wp-json\/wp\/v2\/comments?post=16605"}],"version-history":[{"count":0,"href":"https:\/\/be-ge.se\/en\/wp-json\/wp\/v2\/posts\/16605\/revisions"}],"wp:attachment":[{"href":"https:\/\/be-ge.se\/en\/wp-json\/wp\/v2\/media?parent=16605"}],"wp:term":[{"taxonomy":"category","embeddable":true,"href":"https:\/\/be-ge.se\/en\/wp-json\/wp\/v2\/categories?post=16605"},{"taxonomy":"post_tag","embeddable":true,"href":"https:\/\/be-ge.se\/en\/wp-json\/wp\/v2\/tags?post=16605"}],"curies":[{"name":"wp","href":"https:\/\/api.w.org\/{rel}","templated":true}]}}