{"id":15628,"date":"2024-05-02T11:43:15","date_gmt":"2024-05-02T09:43:15","guid":{"rendered":"https:\/\/be-ge.se\/?p=15628"},"modified":"2024-05-02T11:43:18","modified_gmt":"2024-05-02T09:43:18","slug":"be-ge-personbilar-ab-avvikande-oppettider-i-vetlanda","status":"publish","type":"post","link":"https:\/\/be-ge.se\/en\/be-ge-personbilar-ab-avvikande-oppettider-i-vetlanda\/","title":{"rendered":"Be-Ge Personbilar AB, Avvikande \u00f6ppettider i Vetlanda"},"content":{"rendered":"<figure class=\"wp-block-image size-full\"><a href=\"https:\/\/be-ge.se\/wp-content\/uploads\/2024\/05\/Avvikande-oppettid-vet-2.webp\"><img fetchpriority=\"high\" decoding=\"async\" width=\"1000\" height=\"1000\" src=\"https:\/\/be-ge.se\/wp-content\/uploads\/2024\/05\/Avvikande-oppettid-vet-2.webp\" alt=\"\" class=\"wp-image-15629\" srcset=\"https:\/\/be-ge.se\/wp-content\/uploads\/2024\/05\/Avvikande-oppettid-vet-2.webp 1000w, https:\/\/be-ge.se\/wp-content\/uploads\/2024\/05\/Avvikande-oppettid-vet-2-300x300.webp 300w, https:\/\/be-ge.se\/wp-content\/uploads\/2024\/05\/Avvikande-oppettid-vet-2-150x150.webp 150w, https:\/\/be-ge.se\/wp-content\/uploads\/2024\/05\/Avvikande-oppettid-vet-2-768x768.webp 768w, https:\/\/be-ge.se\/wp-content\/uploads\/2024\/05\/Avvikande-oppettid-vet-2-12x12.webp 12w\" sizes=\"(max-width: 1000px) 100vw, 1000px\" \/><\/a><\/figure>\n\n\n\n<p>Till helgen ser \u00f6ppettiderna lite annorlunda ut hos oss i Vetlanda. Vi h\u00e5ller n\u00e4mligen st\u00e4ngt p\u00e5 l\u00f6rdag den 4\/5, men vi har ist\u00e4llet \u00f6ppet p\u00e5 s\u00f6ndag 5\/5 mellan 12-16. Henrik bjuder p\u00e5 kaffe och kanelbullar och visar upp b\u00e5de nya Volkswagen ID.7 och Passat.<\/p>\n\n\n\n<p>V\u00e4lkomna in p\u00e5 fika och provk\u00f6rning!<\/p>","protected":false},"excerpt":{"rendered":"<p>Till helgen ser \u00f6ppettiderna lite annorlunda ut hos oss i Vetlanda. Vi h\u00e5ller n\u00e4mligen st\u00e4ngt p\u00e5 l\u00f6rdag den 4\/5, men vi har ist\u00e4llet \u00f6ppet p\u00e5 s\u00f6ndag 5\/5 mellan 12-16. Henrik bjuder p\u00e5 kaffe och kanelbullar och visar upp b\u00e5de nya Volkswagen ID.7 och Passat. V\u00e4lkomna in p\u00e5 fika och provk\u00f6rning!<\/p>","protected":false},"author":18,"featured_media":0,"comment_status":"closed","ping_status":"closed","sticky":false,"template":"","format":"standard","meta":{"_acf_changed":false,"footnotes":""},"categories":[32],"tags":[139],"class_list":["post-15628","post","type-post","status-publish","format-standard","hentry","category-nyheter","tag-be-ge-personbilar-ab"],"acf":[],"_links":{"self":[{"href":"https:\/\/be-ge.se\/en\/wp-json\/wp\/v2\/posts\/15628","targetHints":{"allow":["GET"]}}],"collection":[{"href":"https:\/\/be-ge.se\/en\/wp-json\/wp\/v2\/posts"}],"about":[{"href":"https:\/\/be-ge.se\/en\/wp-json\/wp\/v2\/types\/post"}],"author":[{"embeddable":true,"href":"https:\/\/be-ge.se\/en\/wp-json\/wp\/v2\/users\/18"}],"replies":[{"embeddable":true,"href":"https:\/\/be-ge.se\/en\/wp-json\/wp\/v2\/comments?post=15628"}],"version-history":[{"count":0,"href":"https:\/\/be-ge.se\/en\/wp-json\/wp\/v2\/posts\/15628\/revisions"}],"wp:attachment":[{"href":"https:\/\/be-ge.se\/en\/wp-json\/wp\/v2\/media?parent=15628"}],"wp:term":[{"taxonomy":"category","embeddable":true,"href":"https:\/\/be-ge.se\/en\/wp-json\/wp\/v2\/categories?post=15628"},{"taxonomy":"post_tag","embeddable":true,"href":"https:\/\/be-ge.se\/en\/wp-json\/wp\/v2\/tags?post=15628"}],"curies":[{"name":"wp","href":"https:\/\/api.w.org\/{rel}","templated":true}]}}