{"id":15273,"date":"2024-03-01T10:46:52","date_gmt":"2024-03-01T09:46:52","guid":{"rendered":"https:\/\/be-ge.se\/?p=15273"},"modified":"2024-03-01T10:46:55","modified_gmt":"2024-03-01T09:46:55","slug":"be-ge-lastbilar-ab-be-ge-nytt-mars-2024","status":"publish","type":"post","link":"https:\/\/be-ge.se\/en\/be-ge-lastbilar-ab-be-ge-nytt-mars-2024\/","title":{"rendered":"Be-Ge Lastbilar AB, Be-Ge Nytt Mars 2024"},"content":{"rendered":"<figure class=\"wp-block-image size-large\"><a href=\"https:\/\/be-ge.se\/wp-content\/uploads\/2024\/03\/Be-Ge-Nytt-Mars-2024_Sida_1-scaled.jpg\"><img fetchpriority=\"high\" decoding=\"async\" width=\"724\" height=\"1024\" src=\"https:\/\/be-ge.se\/wp-content\/uploads\/2024\/03\/Be-Ge-Nytt-Mars-2024_Sida_1-724x1024.jpg\" alt=\"\" class=\"wp-image-15274\" srcset=\"https:\/\/be-ge.se\/wp-content\/uploads\/2024\/03\/Be-Ge-Nytt-Mars-2024_Sida_1-724x1024.jpg 724w, https:\/\/be-ge.se\/wp-content\/uploads\/2024\/03\/Be-Ge-Nytt-Mars-2024_Sida_1-212x300.jpg 212w, https:\/\/be-ge.se\/wp-content\/uploads\/2024\/03\/Be-Ge-Nytt-Mars-2024_Sida_1-768x1086.jpg 768w, https:\/\/be-ge.se\/wp-content\/uploads\/2024\/03\/Be-Ge-Nytt-Mars-2024_Sida_1-1086x1536.jpg 1086w, https:\/\/be-ge.se\/wp-content\/uploads\/2024\/03\/Be-Ge-Nytt-Mars-2024_Sida_1-1448x2048.jpg 1448w, https:\/\/be-ge.se\/wp-content\/uploads\/2024\/03\/Be-Ge-Nytt-Mars-2024_Sida_1-8x12.jpg 8w, https:\/\/be-ge.se\/wp-content\/uploads\/2024\/03\/Be-Ge-Nytt-Mars-2024_Sida_1-scaled.jpg 1810w\" sizes=\"(max-width: 724px) 100vw, 724px\" \/><\/a><\/figure>\n\n\n\n<p><a href=\"https:\/\/media.be-ge.se\/?r=12461\">Ladda ner PDF h\u00e4r!<\/a><\/p>\n\n\n\n<p><strong>V\u00e5ra \u00f6ppettider:<br>Till och med 2024-06-15 (v24)<\/strong><\/p>\n\n\n\n<p><strong>Oskarshamn 0491-761530<br>\/ Vetlanda 0383-467320 503<\/strong><br>M\u00e5ndag &#8211; Torsdag 07.00 \u2013 18.00<br>Fredag 07.00 \u2013 16.00<br>L\u00f6rdagar 07.00 \u2013 13.00<\/p>\n\n\n\n<p><strong>Hultsfred 0495-12061<\/strong><br>M\u00e5ndag &#8211; Fredag 07.00 \u2013 16.00<br>L\u00f6rdagar 07.00 &#8211; 13.00<\/p>\n\n\n\n<p><strong>Visby 0498-691450<\/strong><br>M\u00e5ndag och Fredag 07.00 \u2013 16.00<br>Tisdag \u2013 Torsdag 07.00 &#8211; 18.00<br>L\u00f6rdag 07.00 &#8211; 14.00<\/p>\n\n\n\n<p class=\"has-vivid-red-color has-text-color has-link-color wp-elements-03a861b48031703e67c656a7155a4d1b\"><br><strong>Jourtelefon 042-100 100<\/strong><\/p>\n\n\n\n<hr class=\"wp-block-separator has-alpha-channel-opacity\"\/>\n\n\n\n<p><\/p>\n\n\n\n<p><strong>Vart \u00e4r vi p\u00e5 v\u00e4g?<\/strong><\/p>\n\n\n\n<p>Vart \u00e4r vi p\u00e5 v\u00e4g med konjunktur och v\u00e5r omv\u00e4rld? Det \u00e4r en sv\u00e5rbed\u00f6md marknads-situation vi har fram\u00f6ver. Men m\u00e5nga av oss har varit med om turbulenta tider f\u00f6rut s\u00e5 det g\u00e4ller att vara flexibla, v\u00e5rda v\u00e5ra kunder och f\u00f6rs\u00f6ka hitta nya m\u00f6jligheter.<br><br>Vi, Be-Ge F\u00f6retagen, fyller 90 \u00e5r h\u00f6sten 2024 d\u00e4r vi planerar lite extra event.<br>Vi har en del aktiviteter p\u00e5 g\u00e5ng f\u00f6r 2024 och gl\u00e4djande \u00e4r att vi \u00e5terkommer med v\u00e5r efterfr\u00e5gade Stockholmsresa i mars. Stockholmsresan kommer dessutom f\u00f6ljas upp med flera andra som vi kryddar lite extra, till exempel Be-Ge AW, IAA Hannover, Be-Ge Veteran med mera. H\u00e5ll utkik &#8211; Vi \u00e5terkommer!<br><br>Vi jobbar p\u00e5 med att f\u00f6rs\u00f6ka h\u00f6ja v\u00e5r kvalit\u00e9 och kundn\u00f6jdhet. Ett st\u00e4ndigt p\u00e5g\u00e5ende arbete att f\u00f6rb\u00e4ttra v\u00e5r service f\u00f6r \u00f6kad tillg\u00e4nglighet, minskat stillest\u00e5nd med \u00f6kad H\u00e5llbarhet.<br><br>K\u00f6r lugnt, och missa inte Be-Ge Live!<br>B\u00e4sta h\u00e4lsningar Vi alla p\u00e5\/<br><br><strong>Be-Ge Lastbilar \/ T Engsund<\/strong><\/p>\n\n\n\n<hr class=\"wp-block-separator has-alpha-channel-opacity\"\/>\n\n\n\n<p><\/p>\n\n\n\n<p><strong>Kommande aktiviteter:<\/strong><\/p>\n\n\n\n<p><strong>V10 <\/strong>           YKB kurser alla moduler i Vetlanda.<br><strong>V15<\/strong>            YKB kurser alla moduler i Visby.<br><strong>12-14\/3<\/strong>      ADR (Grundutbildning och Klass 1)<br><strong>22-24\/3<\/strong>     V\u00e5r traditionella Stockholmsresa.<br><strong>27\/4<\/strong>          Tr\u00e4ffa oss p\u00e5 S\u00c5 Sm\u00e5lands \u00c5rsm\u00f6te i Kosta<br><strong>3-4\/5<\/strong>         Tr\u00e4ffa oss p\u00e5 Trailer Wood i Emmaboda<br><strong>6\/9<\/strong>            Be-Ge After Work 90 alla verkst\u00e4der<br><strong>7\/9 <\/strong>           Missa inte Be-Ge Veteran 90 med bes\u00f6k av bla \u00d6sterg\u00f6tlands Veteransbilsklubb. H\u00e4rlig heldag med Veteran-AW som avslutning.<br><br>F\u00f6r mer info se nedan eller kontakta n\u00e5gon av s\u00e4ljarna!<\/p>\n\n\n\n<hr class=\"wp-block-separator has-alpha-channel-opacity\"\/>\n\n\n\n<p><\/p>\n\n\n\n<p><strong>Be-Ge Veteran 90 i Oskarshamn 7\/9!<\/strong><br>\u00c5rets Be-Ge Veteran 90 \u00e4r i Oskarshamn l\u00f6rdagen den 7 september kl 10-15. Vi bjuder in alla med Veteranbilar\/lastbilar<br>till v\u00e5r Veterandag som blir en del av v\u00e5rt 90-\u00e5rsfirande. Bland annat kommer ett g\u00e4ng fr\u00e5n \u00d6sterg\u00f6tlands Veteransbilsklubb att n\u00e4rvara och vi utlovar m\u00e5nga fina bilar att titta p\u00e5. Vi bjuder p\u00e5 f\u00f6rt\u00e4ring under dagen och roliga minnen. Dagen avslutas med After Veteran d\u00e4r vi bjuds p\u00e5 musik och mingel framtill kl. 19. Vi hoppas \u00e4ven v\u00e5ra Gotl\u00e4ndska v\u00e4nner kommer d\u00e5 v\u00e5r tid anpassats efter l\u00f6rdagsf\u00e4rjan.<br><br><strong>V\u00e4lkomna till Be-Ge Veteran 90 2024-09-07!<\/strong><\/p>\n\n\n\n<figure class=\"wp-block-gallery has-nested-images columns-default is-cropped wp-block-gallery-1 is-layout-flex wp-block-gallery-is-layout-flex\">\n<figure class=\"wp-block-image size-large\"><a href=\"https:\/\/be-ge.se\/wp-content\/uploads\/2024\/03\/Veteran-90-1.webp\"><img decoding=\"async\" width=\"637\" height=\"638\" data-id=\"15275\" src=\"https:\/\/be-ge.se\/wp-content\/uploads\/2024\/03\/Veteran-90-1.webp\" alt=\"\" class=\"wp-image-15275\" srcset=\"https:\/\/be-ge.se\/wp-content\/uploads\/2024\/03\/Veteran-90-1.webp 637w, https:\/\/be-ge.se\/wp-content\/uploads\/2024\/03\/Veteran-90-1-300x300.webp 300w, https:\/\/be-ge.se\/wp-content\/uploads\/2024\/03\/Veteran-90-1-150x150.webp 150w, https:\/\/be-ge.se\/wp-content\/uploads\/2024\/03\/Veteran-90-1-12x12.webp 12w\" sizes=\"(max-width: 637px) 100vw, 637px\" \/><\/a><\/figure>\n\n\n\n<figure class=\"wp-block-image size-large\"><a href=\"https:\/\/be-ge.se\/wp-content\/uploads\/2024\/03\/Be-Ge-90-2.webp\"><img decoding=\"async\" width=\"636\" height=\"636\" data-id=\"15276\" src=\"https:\/\/be-ge.se\/wp-content\/uploads\/2024\/03\/Be-Ge-90-2.webp\" alt=\"\" class=\"wp-image-15276\" srcset=\"https:\/\/be-ge.se\/wp-content\/uploads\/2024\/03\/Be-Ge-90-2.webp 636w, https:\/\/be-ge.se\/wp-content\/uploads\/2024\/03\/Be-Ge-90-2-300x300.webp 300w, https:\/\/be-ge.se\/wp-content\/uploads\/2024\/03\/Be-Ge-90-2-150x150.webp 150w, https:\/\/be-ge.se\/wp-content\/uploads\/2024\/03\/Be-Ge-90-2-12x12.webp 12w\" sizes=\"(max-width: 636px) 100vw, 636px\" \/><\/a><\/figure>\n<\/figure>\n\n\n\n<hr class=\"wp-block-separator has-alpha-channel-opacity\"\/>\n\n\n\n<p><\/p>\n\n\n\n<p><strong>Missa inte kommande nummer av nya GRIPEN!<\/strong><br>Nya GRIPEN finns p\u00e5 v\u00e5ra Kundmottaqningar i april eller h\u00e4mta tidningen p\u00e5 v\u00e5r hemsida. Vill ni f\u00e5 den hemskickad eller via mail kontakta oss p\u00e5 bilinfo@be-ge.se<br><strong>Trevlig l\u00e4sning!<\/strong><\/p>\n\n\n\n<hr class=\"wp-block-separator has-alpha-channel-opacity\"\/>\n\n\n\n<p><\/p>\n\n\n\n<p><strong>Be-Ge 90 \u00e5r 2024<\/strong><br>Be-Ge fyller 90 \u00e5r 2024-10-01 och det vill vi fira lite extra i \u00e5r. Vi kommer ha en m\u00e4ngd olika aktiviteter med b\u00e5de gammalt och nytt. Vid varje tillf\u00e4lle ska vi f\u00f6rs\u00f6ka krydda till det lite extra. V\u00e4lkomna till oss och missa inte n\u00e5gra av v\u00e5ra aktiviteter.<br><br>Missa heller inte v\u00e5ra &#8221;90-\u00e5rserbjudanden&#8221; som vi presenterar p\u00e5 v\u00e5ra sociala medier varje m\u00e5nad. Under mars erbjuder vi en bilv\u00e5rdshink f\u00f6r 90 kronor, v\u00e4lkomna in till er n\u00e4rmsta kundmottagning f\u00f6r att fynda!<\/p>\n\n\n\n<figure class=\"wp-block-image size-full\"><a href=\"https:\/\/be-ge.se\/wp-content\/uploads\/2024\/03\/90kr.webp\"><img loading=\"lazy\" decoding=\"async\" width=\"471\" height=\"567\" src=\"https:\/\/be-ge.se\/wp-content\/uploads\/2024\/03\/90kr.webp\" alt=\"\" class=\"wp-image-15277\" srcset=\"https:\/\/be-ge.se\/wp-content\/uploads\/2024\/03\/90kr.webp 471w, https:\/\/be-ge.se\/wp-content\/uploads\/2024\/03\/90kr-249x300.webp 249w, https:\/\/be-ge.se\/wp-content\/uploads\/2024\/03\/90kr-10x12.webp 10w\" sizes=\"(max-width: 471px) 100vw, 471px\" \/><\/a><\/figure>\n\n\n\n<hr class=\"wp-block-separator has-alpha-channel-opacity\"\/>\n\n\n\n<p><\/p>\n\n\n\n<p><strong>Utbildningar<\/strong><br>Missa inte att anm\u00e4la dig till v\u00e5ra kommande utbildningar! Du hittar v\u00e5rt fulla utbud av utbildningar p\u00e5 v\u00e5r hemsida: lb.be-ge.se\/utbildningar.<\/p>\n\n\n\n<figure class=\"wp-block-image size-large is-resized\"><a href=\"https:\/\/be-ge.se\/wp-content\/uploads\/2024\/03\/RS6288_fotograf_cornelia_hoglind-bege_vetlande-72-av-72-lpr_hakan_berg__.webp\"><img loading=\"lazy\" decoding=\"async\" width=\"768\" height=\"1024\" src=\"https:\/\/be-ge.se\/wp-content\/uploads\/2024\/03\/RS6288_fotograf_cornelia_hoglind-bege_vetlande-72-av-72-lpr_hakan_berg__-768x1024.webp\" alt=\"\" class=\"wp-image-15278\" style=\"width:353px;height:auto\" srcset=\"https:\/\/be-ge.se\/wp-content\/uploads\/2024\/03\/RS6288_fotograf_cornelia_hoglind-bege_vetlande-72-av-72-lpr_hakan_berg__-768x1024.webp 768w, https:\/\/be-ge.se\/wp-content\/uploads\/2024\/03\/RS6288_fotograf_cornelia_hoglind-bege_vetlande-72-av-72-lpr_hakan_berg__-225x300.webp 225w, https:\/\/be-ge.se\/wp-content\/uploads\/2024\/03\/RS6288_fotograf_cornelia_hoglind-bege_vetlande-72-av-72-lpr_hakan_berg__-9x12.webp 9w, https:\/\/be-ge.se\/wp-content\/uploads\/2024\/03\/RS6288_fotograf_cornelia_hoglind-bege_vetlande-72-av-72-lpr_hakan_berg__.webp 900w\" sizes=\"(max-width: 768px) 100vw, 768px\" \/><\/a><\/figure>\n\n\n\n<p>V\u00e4lkommen att kontakta H\u00e5kan Berg f\u00f6r mer information!<br>0381-46 73 21<br>hakan.berg@be-ge.se<\/p>\n\n\n\n<hr class=\"wp-block-separator has-alpha-channel-opacity\"\/>\n\n\n\n<p><\/p>\n\n\n\n<p><strong>TACK f\u00f6r f\u00f6rtroendet \u2013 Marknadsledare 2023!<\/strong><br>TACK alla ni som valde att ta ut en alldeles ny Scania genom Be-Ge under 2023. Vi blev igen marknadsledare vilket g\u00f6r oss otroligt glada och stolta. Vi jobbar p\u00e5 s\u00e5 mycket vi kan f\u00f6r att h\u00e5lla andra m\u00e4rken bakom oss. \u00c5terigen TACK!<br><br>Hj\u00e4lp oss bli \u00e4nnu b\u00e4ttre genom att svara p\u00e5 v\u00e5ra kundunders\u00f6kningar eller genom att kontakta oss.<\/p>\n\n\n\n<figure class=\"wp-block-image size-large is-resized\"><a href=\"https:\/\/be-ge.se\/wp-content\/uploads\/2024\/03\/Marknadsledare-2023-mindre.jpg\"><img loading=\"lazy\" decoding=\"async\" width=\"1024\" height=\"1024\" src=\"https:\/\/be-ge.se\/wp-content\/uploads\/2024\/03\/Marknadsledare-2023-mindre-1024x1024.jpg\" alt=\"\" class=\"wp-image-15279\" style=\"width:428px;height:auto\" srcset=\"https:\/\/be-ge.se\/wp-content\/uploads\/2024\/03\/Marknadsledare-2023-mindre-1024x1024.jpg 1024w, https:\/\/be-ge.se\/wp-content\/uploads\/2024\/03\/Marknadsledare-2023-mindre-300x300.jpg 300w, https:\/\/be-ge.se\/wp-content\/uploads\/2024\/03\/Marknadsledare-2023-mindre-150x150.jpg 150w, https:\/\/be-ge.se\/wp-content\/uploads\/2024\/03\/Marknadsledare-2023-mindre-768x768.jpg 768w, https:\/\/be-ge.se\/wp-content\/uploads\/2024\/03\/Marknadsledare-2023-mindre-1536x1536.jpg 1536w, https:\/\/be-ge.se\/wp-content\/uploads\/2024\/03\/Marknadsledare-2023-mindre-12x12.jpg 12w, https:\/\/be-ge.se\/wp-content\/uploads\/2024\/03\/Marknadsledare-2023-mindre.jpg 2000w\" sizes=\"(max-width: 1024px) 100vw, 1024px\" \/><\/a><\/figure>\n\n\n\n<hr class=\"wp-block-separator has-alpha-channel-opacity\"\/>\n\n\n\n<p><\/p>\n\n\n\n<p><strong>Bra priser p\u00e5 SL\u00c4P hos Be-Ge<\/strong><\/p>\n\n\n\n<p>\u2022 Vi har alltid bra priser p\u00e5 service\/reparation och har originaldelar i lager.<br>\u2022 Vi har attraktiva paketpriser p\u00e5 bla broms, luft och fj\u00e4der till ditt SL\u00c4P.<br><br>Kolla med oss &#8211; Vi har Bra Grejer!<\/p>\n\n\n\n<p><strong>Trevlig l\u00e4sning \/ Vi alla p\u00e5 Be-Ge Lastbilar AB \/ TE<\/strong><\/p>","protected":false},"excerpt":{"rendered":"<p>Ladda ner PDF h\u00e4r! V\u00e5ra \u00f6ppettider:Till och med 2024-06-15 (v24) Oskarshamn 0491-761530\/ Vetlanda 0383-467320 503M\u00e5ndag &#8211; Torsdag 07.00 \u2013 18.00Fredag 07.00 \u2013 16.00L\u00f6rdagar 07.00 \u2013 13.00 Hultsfred 0495-12061M\u00e5ndag &#8211; Fredag 07.00 \u2013 16.00L\u00f6rdagar 07.00 &#8211; 13.00 Visby 0498-691450M\u00e5ndag och Fredag 07.00 \u2013 16.00Tisdag \u2013 Torsdag 07.00 &#8211; 18.00L\u00f6rdag 07.00 &#8211; 14.00 Jourtelefon 042-100 100 Vart [&hellip;]<\/p>\n","protected":false},"author":18,"featured_media":0,"comment_status":"closed","ping_status":"closed","sticky":false,"template":"","format":"standard","meta":{"_acf_changed":false,"footnotes":""},"categories":[32],"tags":[130],"class_list":["post-15273","post","type-post","status-publish","format-standard","hentry","category-nyheter","tag-be-ge-lastbilar-ab"],"acf":[],"_links":{"self":[{"href":"https:\/\/be-ge.se\/en\/wp-json\/wp\/v2\/posts\/15273","targetHints":{"allow":["GET"]}}],"collection":[{"href":"https:\/\/be-ge.se\/en\/wp-json\/wp\/v2\/posts"}],"about":[{"href":"https:\/\/be-ge.se\/en\/wp-json\/wp\/v2\/types\/post"}],"author":[{"embeddable":true,"href":"https:\/\/be-ge.se\/en\/wp-json\/wp\/v2\/users\/18"}],"replies":[{"embeddable":true,"href":"https:\/\/be-ge.se\/en\/wp-json\/wp\/v2\/comments?post=15273"}],"version-history":[{"count":0,"href":"https:\/\/be-ge.se\/en\/wp-json\/wp\/v2\/posts\/15273\/revisions"}],"wp:attachment":[{"href":"https:\/\/be-ge.se\/en\/wp-json\/wp\/v2\/media?parent=15273"}],"wp:term":[{"taxonomy":"category","embeddable":true,"href":"https:\/\/be-ge.se\/en\/wp-json\/wp\/v2\/categories?post=15273"},{"taxonomy":"post_tag","embeddable":true,"href":"https:\/\/be-ge.se\/en\/wp-json\/wp\/v2\/tags?post=15273"}],"curies":[{"name":"wp","href":"https:\/\/api.w.org\/{rel}","templated":true}]}}