{"id":15230,"date":"2024-02-19T16:14:30","date_gmt":"2024-02-19T15:14:30","guid":{"rendered":"https:\/\/be-ge.se\/?p=15230"},"modified":"2024-02-19T16:15:59","modified_gmt":"2024-02-19T15:15:59","slug":"be-ge-personbilar-ab-klimatpremie-for-latta-lastbilar-och-transportbilar","status":"publish","type":"post","link":"https:\/\/be-ge.se\/en\/be-ge-personbilar-ab-klimatpremie-for-latta-lastbilar-och-transportbilar\/","title":{"rendered":"Be-Ge Personbilar AB, Klimatpremie f\u00f6r l\u00e4tta lastbilar och transportbilar"},"content":{"rendered":"<figure class=\"wp-block-image size-large\"><a href=\"https:\/\/be-ge.se\/wp-content\/uploads\/2024\/02\/hemsidaRS9017_IMG_0103.webp\"><img fetchpriority=\"high\" decoding=\"async\" width=\"1024\" height=\"683\" src=\"https:\/\/be-ge.se\/wp-content\/uploads\/2024\/02\/hemsidaRS9017_IMG_0103-1024x683.webp\" alt=\"\" class=\"wp-image-15231\" srcset=\"https:\/\/be-ge.se\/wp-content\/uploads\/2024\/02\/hemsidaRS9017_IMG_0103-1024x683.webp 1024w, https:\/\/be-ge.se\/wp-content\/uploads\/2024\/02\/hemsidaRS9017_IMG_0103-300x200.webp 300w, https:\/\/be-ge.se\/wp-content\/uploads\/2024\/02\/hemsidaRS9017_IMG_0103-768x512.webp 768w, https:\/\/be-ge.se\/wp-content\/uploads\/2024\/02\/hemsidaRS9017_IMG_0103-18x12.webp 18w, https:\/\/be-ge.se\/wp-content\/uploads\/2024\/02\/hemsidaRS9017_IMG_0103.webp 1500w\" sizes=\"(max-width: 1024px) 100vw, 1024px\" \/><\/a><\/figure>\n\n\n\n<p><em>S\u00e5 fungerar den nya klimatpremien f\u00f6r l\u00e4tta lastbilar \u2013 se om du \u00e4r ber\u00e4ttigad<\/em><\/p>\n\n\n\n<p>Klimatbonus, milj\u00f6bilspremie, milj\u00f6bonus. Namnen var m\u00e5nga f\u00f6r den tidigare bonus som gjorde att bilar med l\u00e5g klimatp\u00e5verkan kunde sl\u00e5 igenom p\u00e5 den svenska marknaden. N\u00e4r den f\u00f6rsvann 2022 var det m\u00e5nga som blev besvikna. Men nu har det kommit ett nytt, liknande st\u00f6d som enbart g\u00e4ller f\u00f6r l\u00e4tta eldrivna lastbilar. H\u00e4r kan du l\u00e4sa om den nya klimatpremien, hur den fungerar och hur du ans\u00f6ker.<\/p>\n\n\n\n<p><strong>Vad \u00e4r klimatpremien?<\/strong><\/p>\n\n\n\n<p>Klimatpremien f\u00f6r l\u00e4tta lastbilarna kan s\u00f6kas av f\u00f6retag, kommuner samt regioner och b\u00f6rjar g\u00e4lla fr\u00e5n 13 februari 2024. Premiebeloppet f\u00f6r eldrivna l\u00e4tta lastbilar uppg\u00e5r till maximalt 50 000 kronor under \u00e5r 2024 n\u00e4r du k\u00f6per en ny elektrisk transportbil som har en totalvikt p\u00e5 max 3 500 kg. Energimyndigheten beskriver att syftet med klimatpremien \u00e4r att fr\u00e4mja introduktionen av vissa milj\u00f6fordon p\u00e5 marknaden, minska utsl\u00e4ppen av v\u00e4xthusgaser och p\u00e5 s\u00e5 s\u00e4tt bidra till minskat buller och ett b\u00e4ttre klimat.<\/p>\n\n\n\n<p><strong>S\u00e5 ans\u00f6ker du om klimatpremien<\/strong><\/p>\n\n\n\n<p>Om du k\u00f6per din nya elektriska l\u00e4tta lastbil med finansiering via ett finansbolag s\u00e5 ska de kunna hantera allt kring klimatpremien. Men om bilen finansieras med ett bill\u00e5n eller direktbetalning, s\u00e5 m\u00e5ste du sj\u00e4lv ans\u00f6ka b\u00e5de innan k\u00f6pet och efter 6 m\u00e5nader.<\/p>\n\n\n\n<p><strong>H\u00e4r \u00e4r stegen att ha koll p\u00e5:<\/strong><\/p>\n\n\n\n<ul class=\"wp-block-list\">\n<li>Bes\u00f6k <a href=\"http:\/\/www.energimyndigheten.se\">www.energimyndigheten.se<\/a> och logga in p\u00e5 Mina sidor med personligt BankID.<\/li>\n\n\n\n<li>Ans\u00f6k om beh\u00f6righet till e-tj\u00e4nsten Klimatpremie.<\/li>\n\n\n\n<li>N\u00e4r beh\u00f6righeten \u00e4r beviljad kan du skicka in din ans\u00f6kan.<\/li>\n\n\n\n<li>N\u00e4r ans\u00f6kan \u00e4r inskickad till Energimyndigheten kan du best\u00e4lla fordonet.<\/li>\n\n\n\n<li>N\u00e4r bilen \u00e4r levererad och det g\u00e5tt sex m\u00e5nader s\u00e5 ans\u00f6ker du, hos Energimyndigheten igen, om att f\u00e5 din klimatpremie utbetald.<\/li>\n<\/ul>\n\n\n\n<p><em>OBS! F\u00f6r att st\u00f6d ska kunna betalas ut m\u00e5ste mottagaren ha ett bankgiro eller ett plusgirokonto kopplat till organisationsnumret.<\/em><\/p>\n\n\n\n<p><a href=\"https:\/\/www.volkswagen-transportbilar.se\/sv\/elbilar\/klimatpremie-latta-lastbilar.html\" data-type=\"link\" data-id=\"https:\/\/www.volkswagen-transportbilar.se\/sv\/elbilar\/klimatpremie-latta-lastbilar.html\" target=\"_blank\" rel=\"noreferrer noopener\">K\u00e4lla<\/a><\/p>","protected":false},"excerpt":{"rendered":"<p>S\u00e5 fungerar den nya klimatpremien f\u00f6r l\u00e4tta lastbilar \u2013 se om du \u00e4r ber\u00e4ttigad Klimatbonus, milj\u00f6bilspremie, milj\u00f6bonus. Namnen var m\u00e5nga f\u00f6r den tidigare bonus som gjorde att bilar med l\u00e5g klimatp\u00e5verkan kunde sl\u00e5 igenom p\u00e5 den svenska marknaden. N\u00e4r den f\u00f6rsvann 2022 var det m\u00e5nga som blev besvikna. Men nu har det kommit ett nytt, [&hellip;]<\/p>\n","protected":false},"author":7,"featured_media":0,"comment_status":"closed","ping_status":"closed","sticky":false,"template":"","format":"standard","meta":{"_acf_changed":false,"footnotes":""},"categories":[32],"tags":[139],"class_list":["post-15230","post","type-post","status-publish","format-standard","hentry","category-nyheter","tag-be-ge-personbilar-ab"],"acf":[],"_links":{"self":[{"href":"https:\/\/be-ge.se\/en\/wp-json\/wp\/v2\/posts\/15230","targetHints":{"allow":["GET"]}}],"collection":[{"href":"https:\/\/be-ge.se\/en\/wp-json\/wp\/v2\/posts"}],"about":[{"href":"https:\/\/be-ge.se\/en\/wp-json\/wp\/v2\/types\/post"}],"author":[{"embeddable":true,"href":"https:\/\/be-ge.se\/en\/wp-json\/wp\/v2\/users\/7"}],"replies":[{"embeddable":true,"href":"https:\/\/be-ge.se\/en\/wp-json\/wp\/v2\/comments?post=15230"}],"version-history":[{"count":0,"href":"https:\/\/be-ge.se\/en\/wp-json\/wp\/v2\/posts\/15230\/revisions"}],"wp:attachment":[{"href":"https:\/\/be-ge.se\/en\/wp-json\/wp\/v2\/media?parent=15230"}],"wp:term":[{"taxonomy":"category","embeddable":true,"href":"https:\/\/be-ge.se\/en\/wp-json\/wp\/v2\/categories?post=15230"},{"taxonomy":"post_tag","embeddable":true,"href":"https:\/\/be-ge.se\/en\/wp-json\/wp\/v2\/tags?post=15230"}],"curies":[{"name":"wp","href":"https:\/\/api.w.org\/{rel}","templated":true}]}}