{"id":14846,"date":"2023-12-15T10:39:04","date_gmt":"2023-12-15T09:39:04","guid":{"rendered":"https:\/\/be-ge.se\/?p=14846"},"modified":"2023-12-15T12:07:41","modified_gmt":"2023-12-15T11:07:41","slug":"be-ge-personbilar-ab-volkswagen-amarok-utsedd-till-arets-pickup-for-tredje-gangen","status":"publish","type":"post","link":"https:\/\/be-ge.se\/en\/be-ge-personbilar-ab-volkswagen-amarok-utsedd-till-arets-pickup-for-tredje-gangen\/","title":{"rendered":"Be-Ge Personbilar AB, Volkswagen Amarok utsedd till \u00e5rets pickup \u2013 f\u00f6r tredje g\u00e5ngen!"},"content":{"rendered":"<figure class=\"wp-block-image size-full\"><a href=\"https:\/\/be-ge.se\/wp-content\/uploads\/2023\/12\/Amarok_hemsida.jpg\"><img fetchpriority=\"high\" decoding=\"async\" width=\"1000\" height=\"667\" src=\"https:\/\/be-ge.se\/wp-content\/uploads\/2023\/12\/Amarok_hemsida.jpg\" alt=\"\" class=\"wp-image-14847\" srcset=\"https:\/\/be-ge.se\/wp-content\/uploads\/2023\/12\/Amarok_hemsida.jpg 1000w, https:\/\/be-ge.se\/wp-content\/uploads\/2023\/12\/Amarok_hemsida-300x200.jpg 300w, https:\/\/be-ge.se\/wp-content\/uploads\/2023\/12\/Amarok_hemsida-768x512.jpg 768w, https:\/\/be-ge.se\/wp-content\/uploads\/2023\/12\/Amarok_hemsida-18x12.jpg 18w\" sizes=\"(max-width: 1000px) 100vw, 1000px\" \/><\/a><\/figure>\n\n\n\n<p><strong>Pickup Award fr\u00e5n International Van of the Year (IVotY) g\u00e5r till Amarok fr\u00e5n Volkswagen Transportbilar. F\u00f6r tredje g\u00e5ngen, efter vinster b\u00e5de 2011 och 2017, tilldelades nya Amarok &nbsp;\u201dInternational Pick-up Award\u201d (IPUA) 2023. IPUA-juryn p\u00e5 20 personer var imponerade av nya Amarok under testk\u00f6rningarna i och runt Aten.<\/strong><\/p>\n\n\n\n<p>P\u00e5 logistik- och transportm\u00e4ssan Solutrans 2023 i Lyon delades en speciell utm\u00e4rkelse ut. IPUA, som st\u00e5r f\u00f6r \u201dInternational Pick-up Award\u201d, delas endast ut vartannat eller vart tredje \u00e5r. Och nya Amarok fr\u00e5n Volkswagen Transporbilar har vunnit \u2013 igen! Det inneb\u00e4r att pickupen nu har f\u00e5tt denna utm\u00e4rkelse f\u00f6r tredje g\u00e5ngen efter vinst 2011 (f\u00f6r \u00e5ren 2012 och 2013) och 2017 (f\u00f6r \u00e5ren 2018 och 2019).<\/p>\n\n\n\n<p><em>&#8221;Amarok \u00e4r en pickup som levererar p\u00e5litliga prestanda b\u00e5de p\u00e5 och utanf\u00f6r v\u00e4gen. Det imponerade p\u00e5 juryn i b\u00e5da fallen. \u201dInternational Pick-up Award\u201d f\u00f6r 2024 och 2025 inneb\u00e4r att Amarok redan har uppn\u00e5tt tre utm\u00e4rkelser under 14 \u00e5rs produktion. Det h\u00e4r f\u00f6rtroendet \u00e4r en hyllning till hela teamet p\u00e5 Volkswagen Transportbilar. Stort tack f\u00f6r hj\u00e4lpen!&#8221;<\/em>, sa Karl Bernqvist vid prisutdelningen i Lyon. Karl kommer fr\u00e5n Sverige och har en bakgrund hos bland annat Scania och idag sitter han i Volkswagen Transportbilars h\u00f6gsta ledning med ansvar f\u00f6r ink\u00f6p.<\/p>\n\n\n\n<p>Fler \u00e4n 25 assistanssystem, sk\u00e4rmar p\u00e5 upp till 12,3 tum, en praktisk mix av digitala och analoga reglage samt h\u00f6gkvalitativa material ger en premiumk\u00e4nsla i nya Amarok. Tack vare en nyttolast p\u00e5 upp till ett ton, en maximal sl\u00e4pvagnsvikt p\u00e5 3,5 ton och en f\u00f6rb\u00e4ttrad flakkonstruktion klarar nya Amarok alla t\u00e4nkbara arbets- och fritidsuppgifter. I Europa \u00e4r nya Amarok konstruerad som en fyrad\u00f6rrars pickup med dubbelhytt. Med 5 350 mm \u00e4r nya Amarok knappt 10 centimeter l\u00e4ngre \u00e4n sin f\u00f6reg\u00e5ngare. Ett axelavst\u00e5nd p\u00e5 3 270 mm motsvarar en \u00f6kning med 17 centimeter. Det ger \u00e4nnu mer plats i dubbelhytten.<\/p>\n\n\n\n<p>Tekniken och den nya utrustningen med ett flertal hj\u00e4lpsystem och 360-graderskamerabilder underl\u00e4ttar dessutom terr\u00e4ngk\u00f6rningen avsev\u00e4rt. Fordonet har nu ett vadningsdjup p\u00e5 80 cm, i st\u00e4llet f\u00f6r de tidigare 50 cm. Kortare \u00f6verh\u00e4ng och inte minst de kraftfulla motor-\/v\u00e4xell\u00e5dskombinationerna bidrar ocks\u00e5 till detta. Det finns 2,0-liters turbodieselversioner med en effekt p\u00e5 125 och 151 kW samt en 3,0-liters sexcylindrig dieselversion med 177 kW. I Sverige erbjuds den starkaste 4-cylindriga motorn (500 Nm) samt den 6-cylindriga (600Nm). B\u00e5da motorerna kommer med en 10-v\u00e4xlad automatv\u00e4xell\u00e5da och det mest avancerade 4MOTION-fyrhjulsdriftsystemet som standard; \u00d6kad inkopplingsbar fyrhjulsdrift (4A, 2H, 4H, 4L). Dessa toppversioner erbjuder en variabel och d\u00e4rmed automatisk kraftf\u00f6rdelning mellan fram- och bakaxeln via en lamellkoppling. Nya Amarok har d\u00e4rf\u00f6r tillr\u00e4ckligt med kraft f\u00f6r att dra stora laster eller f\u00f6rflytta sig fram\u00e5t \u00e4ven i utmanande terr\u00e4ng.<\/p>\n\n\n\n<p><em>Source:\u00a0<a href=\"https:\/\/via.tt.se\/pressmeddelande\/3394716\/arets-pickup-utsedd-en-trippel-for-nya-volkswagen-amarok?publisherId=1995756&amp;lang=sv\" data-type=\"page\" data-id=\"18497\" target=\"_blank\" rel=\"noreferrer noopener\">Via TT<\/a><\/em><\/p>\n\n\n\n<div class=\"wp-block-buttons is-layout-flex wp-block-buttons-is-layout-flex\">\n<div class=\"wp-block-button\"><a class=\"wp-block-button__link has-white-color has-vivid-cyan-blue-background-color has-text-color has-background has-link-color wp-element-button\" href=\"https:\/\/pb.be-ge.se\/medarbetare\/\">\u00c4r du intresserad av en Amarok? Kontakta oss h\u00e4r<\/a><\/div>\n<\/div>","protected":false},"excerpt":{"rendered":"<p>Pickup Award fr\u00e5n International Van of the Year (IVotY) g\u00e5r till Amarok fr\u00e5n Volkswagen Transportbilar. F\u00f6r tredje g\u00e5ngen, efter vinster b\u00e5de 2011 och 2017, tilldelades nya Amarok &nbsp;\u201dInternational Pick-up Award\u201d (IPUA) 2023. IPUA-juryn p\u00e5 20 personer var imponerade av nya Amarok under testk\u00f6rningarna i och runt Aten. P\u00e5 logistik- och transportm\u00e4ssan Solutrans 2023 i Lyon [&hellip;]<\/p>\n","protected":false},"author":7,"featured_media":0,"comment_status":"closed","ping_status":"closed","sticky":false,"template":"","format":"standard","meta":{"_acf_changed":false,"footnotes":""},"categories":[32],"tags":[139],"class_list":["post-14846","post","type-post","status-publish","format-standard","hentry","category-nyheter","tag-be-ge-personbilar-ab"],"acf":[],"_links":{"self":[{"href":"https:\/\/be-ge.se\/en\/wp-json\/wp\/v2\/posts\/14846","targetHints":{"allow":["GET"]}}],"collection":[{"href":"https:\/\/be-ge.se\/en\/wp-json\/wp\/v2\/posts"}],"about":[{"href":"https:\/\/be-ge.se\/en\/wp-json\/wp\/v2\/types\/post"}],"author":[{"embeddable":true,"href":"https:\/\/be-ge.se\/en\/wp-json\/wp\/v2\/users\/7"}],"replies":[{"embeddable":true,"href":"https:\/\/be-ge.se\/en\/wp-json\/wp\/v2\/comments?post=14846"}],"version-history":[{"count":0,"href":"https:\/\/be-ge.se\/en\/wp-json\/wp\/v2\/posts\/14846\/revisions"}],"wp:attachment":[{"href":"https:\/\/be-ge.se\/en\/wp-json\/wp\/v2\/media?parent=14846"}],"wp:term":[{"taxonomy":"category","embeddable":true,"href":"https:\/\/be-ge.se\/en\/wp-json\/wp\/v2\/categories?post=14846"},{"taxonomy":"post_tag","embeddable":true,"href":"https:\/\/be-ge.se\/en\/wp-json\/wp\/v2\/tags?post=14846"}],"curies":[{"name":"wp","href":"https:\/\/api.w.org\/{rel}","templated":true}]}}