{"id":14725,"date":"2023-11-13T16:23:25","date_gmt":"2023-11-13T15:23:25","guid":{"rendered":"https:\/\/be-ge.se\/?p=14725"},"modified":"2023-11-13T16:23:27","modified_gmt":"2023-11-13T15:23:27","slug":"be-ge-lastbilar-ab-be-ge-nytt-november-2023","status":"publish","type":"post","link":"https:\/\/be-ge.se\/en\/be-ge-lastbilar-ab-be-ge-nytt-november-2023\/","title":{"rendered":"Be-Ge Lastbilar AB, Be-Ge Nytt november 2023"},"content":{"rendered":"<figure class=\"wp-block-image size-large is-resized\"><a href=\"https:\/\/lb.be-ge.se\/wp-content\/uploads\/2023\/11\/Be-Ge-Nytt-Nov-2023.jpg\"><img decoding=\"async\" src=\"https:\/\/lb.be-ge.se\/wp-content\/uploads\/2023\/11\/Be-Ge-Nytt-Nov-2023-724x1024.jpg\" alt=\"\" class=\"wp-image-45541\" style=\"width:670px;height:auto\"\/><\/a><\/figure>\n\n\n\n<p><a href=\"https:\/\/media.be-ge.se\/?r=11682\" data-type=\"link\" data-id=\"https:\/\/media.be-ge.se\/?r=11682\" target=\"_blank\" rel=\"noreferrer noopener\">Ladda ner PDF h\u00e4r!<\/a><\/p>\n\n\n\n<p><strong>V\u00e5ra \u00f6ppettider:<\/strong><br><strong>Till och med 2023-12-22<\/strong><\/p>\n\n\n\n<p><br><strong>Oskarshamn 0491-761530<br>\/ Vetlanda 0383-467320<\/strong><\/p>\n\n\n\n<p>M\u00e5ndag &#8211; Torsdag 07.00 \u2013 18.00<br>Fredag 07.00 \u2013 16.00<br>L\u00f6rdagar 07.00 \u2013 13.00<\/p>\n\n\n\n<p><br><strong>Hultsfred 0495-12061<br><\/strong>M\u00e5ndag &#8211; Fredag 07.00 \u2013 16.00<br>L\u00f6rdagar 07.00 &#8211; 13.00<\/p>\n\n\n\n<p><br><strong>Visby 0498-691450<\/strong><br>M\u00e5ndag och Fredag 07.00 \u2013 16.00<br>Tisdag \u2013 Torsdag 07.00 &#8211; 18.00<br>L\u00f6rdag 07.00 &#8211; 14.00<\/p>\n\n\n\n<p class=\"has-vivid-red-color has-text-color has-link-color wp-elements-9a4ef7cfaaeb959620b45475b44c5811\"><br><strong>Jourtelefon 042-100 100<\/strong><br><strong><br><\/strong>\u00d6PPETTIDER i JUL\/Ny\u00e5r (v51-v01) <br>Alla verkst\u00e4der<br>M\u00e5ndag \u2013 Fredag 07.00 \u2013 16.00<\/p>\n\n\n\n<hr class=\"wp-block-separator has-alpha-channel-opacity\"\/>\n\n\n\n<div style=\"height:27px\" aria-hidden=\"true\" class=\"wp-block-spacer\"><\/div>\n\n\n\n<p><strong>Vart \u00e4r vi p\u00e5 v\u00e4g?<\/strong><br>Vart \u00e4r vi p\u00e5 v\u00e4g med konjunktur och v\u00e5r omv\u00e4rld? Det \u00e4r en sv\u00e5rbed\u00f6md marknads-situation vi har fram\u00f6ver. Men m\u00e5nga av oss har varit med om turbulenta tider f\u00f6rut s\u00e5 det g\u00e4ller att vara flexibla, v\u00e5rda v\u00e5ra kunder och f\u00f6rs\u00f6ka hitta nya m\u00f6jligheter.<\/p>\n\n\n\n<p> Vi, Be-Ge F\u00f6retagen, fyller 90 \u00e5r h\u00f6sten 2024 d\u00e4r vi f\u00f6r planerar lite extra event. Vi har en del aktiviteter p\u00e5 g\u00e5ng f\u00f6r 2024 och gl\u00e4djande \u00e4r att vi \u00e5terkommer med v\u00e5r efterfr\u00e5gade Stockholmsresa i mars. Stockholmsresan kommer dessutom f\u00f6ljas upp med flera andra som vi kryddar lite extra, till exempel Be-Ge AW, IAA Hannover, Be-Ge Veteran med mera. H\u00e5ll utkik &#8211; Vi \u00e5terkommer! <\/p>\n\n\n\n<p>Vi jobbar p\u00e5 med att f\u00f6rs\u00f6ka h\u00f6ja v\u00e5r kvalit\u00e9 och kundn\u00f6jdhet. Ett st\u00e4ndigt p\u00e5g\u00e5ende arbete att f\u00f6rb\u00e4ttra v\u00e5r service f\u00f6r \u00f6kad tillg\u00e4nglighet, minskat stillest\u00e5nd med \u00f6kad H\u00e5llbarhet. <\/p>\n\n\n\n<p>K\u00f6r lugnt, och missa inte Be-Ge Live B\u00e4sta h\u00e4lsningar Vi alla p\u00e5<br><strong>\/Be-Ge Lastbilar \/ T Engsund<\/strong><\/p>\n\n\n\n<hr class=\"wp-block-separator has-alpha-channel-opacity\"\/>\n\n\n\n<div style=\"height:39px\" aria-hidden=\"true\" class=\"wp-block-spacer\"><\/div>\n\n\n\n<p><strong>Kommande aktiviteter:<\/strong><\/p>\n\n\n\n<p><strong>28\/11 <\/strong> Vetlanda \u00c5kartr\u00e4ff tillsammans med S\u00c5, Sveriges \u00c5kerif\u00f6retag, i Vetlanda tisdagen den 28\/11 kl 18-21. Se inbjudan p\u00e5 hemsidan. Anm\u00e4lan till S\u00c5 eller n\u00e5gon av oss. V\u00e4lkomna! <br><strong>22\/12<\/strong>  Frukostm\u00f6te v\u00e5ra verkst\u00e4der med kaffe och skinkmacka!<br><strong>V9-V15<\/strong>  YKB kurser i Oskarshamn, Vetlanda och Visby. Info kommer. Vi hj\u00e4lper ordna utbildningar inom ADR, Heta arbeten, arbete p\u00e5 v\u00e4r, f\u00e4rdskrivare, kran med mera. \u00d6nskar ni n\u00e5got s\u00e5 kontakta H\u00e5kan Berg eller n\u00e5gon annan av oss.<br><strong>22-24\/3 2024<\/strong>  NY-Premi\u00e4r f\u00f6r v\u00e5r traditonella Stockholmsresa. Missa inte inbjudan snart landar i er mailkorg! <\/p>\n\n\n\n<p><strong>Mer aktiviteter \u00e4r p\u00e5 g\u00e5ng men inte beslutade \u00e4n, s\u00e5 h\u00e5ll \u00f6gon och \u00f6ron \u00f6ppna!<\/strong><\/p>\n\n\n\n<div class=\"wp-block-cover aligncenter\"><span aria-hidden=\"true\" class=\"wp-block-cover__background has-background-dim\"><\/span><img decoding=\"async\" class=\"wp-block-cover__image-background wp-image-45542\" alt=\"\" src=\"https:\/\/lb.be-ge.se\/wp-content\/uploads\/2023\/11\/Gripen-nr.11-1-1024x683.webp\" data-object-fit=\"cover\"\/><div class=\"wp-block-cover__inner-container is-layout-flow wp-block-cover-is-layout-flow\">\n<p class=\"has-text-align-center has-large-font-size\">Missa inte kommande nummer av nya GRIPEN!<\/p>\n<\/div><\/div>\n\n\n\n<p>Nya GRIPE N finns p\u00e5 v\u00e5ra Kundmottaqningar i november eller h\u00e4mta tidningen p\u00e5 v\u00e5r hemsida. Vill ni f\u00e5 den hemskickad eller via mail <a href=\"https:\/\/lb.be-ge.se\/anmalan-till-nyhetsbrev\/\" data-type=\"link\" data-id=\"https:\/\/lb.be-ge.se\/anmalan-till-nyhetsbrev\/\">kontakta oss h\u00e4r<\/a> <br><strong>Trevlig l\u00e4sning!<\/strong><\/p>\n\n\n\n<hr class=\"wp-block-separator has-alpha-channel-opacity\"\/>\n\n\n\n<div style=\"height:34px\" aria-hidden=\"true\" class=\"wp-block-spacer\"><\/div>\n\n\n\n<p><strong>Be-Ge Veteran Visby 7\/10!<\/strong><br>Tack alla ni som bes\u00f6kte oss under v\u00e5r Veterandag i Visby. Vi tyckte sj\u00e4lva det blev lyckat och \u00f6nskem\u00e5l om att vi ordnar Veteran \u00e4ven 2024 ska vi f\u00f6rs\u00f6ka uppfylla. N\u00e5gra bilder:<\/p>\n\n\n\n<figure class=\"wp-block-gallery has-nested-images columns-default is-cropped wp-block-gallery-1 is-layout-flex wp-block-gallery-is-layout-flex\">\n<figure class=\"wp-block-image size-large\"><a href=\"https:\/\/lb.be-ge.se\/wp-content\/uploads\/2023\/11\/klipp-veteran.png\"><img decoding=\"async\" data-id=\"45545\" src=\"https:\/\/lb.be-ge.se\/wp-content\/uploads\/2023\/11\/klipp-veteran.png\" alt=\"\" class=\"wp-image-45545\"\/><\/a><\/figure>\n\n\n\n<figure class=\"wp-block-image size-large\"><a href=\"https:\/\/lb.be-ge.se\/wp-content\/uploads\/2023\/11\/veteran.png\"><img decoding=\"async\" data-id=\"45543\" src=\"https:\/\/lb.be-ge.se\/wp-content\/uploads\/2023\/11\/veteran.png\" alt=\"\" class=\"wp-image-45543\"\/><\/a><\/figure>\n\n\n\n<figure class=\"wp-block-image size-large\"><a href=\"https:\/\/lb.be-ge.se\/wp-content\/uploads\/2023\/11\/bla-veteran-klipp.png\"><img decoding=\"async\" data-id=\"45544\" src=\"https:\/\/lb.be-ge.se\/wp-content\/uploads\/2023\/11\/bla-veteran-klipp.png\" alt=\"\" class=\"wp-image-45544\"\/><\/a><\/figure>\n<\/figure>\n\n\n\n<hr class=\"wp-block-separator has-alpha-channel-opacity\"\/>\n\n\n\n<div style=\"height:31px\" aria-hidden=\"true\" class=\"wp-block-spacer\"><\/div>\n\n\n\n<figure class=\"wp-block-image size-large\"><a href=\"https:\/\/lb.be-ge.se\/wp-content\/uploads\/2023\/11\/Extravarmare.webp\"><img decoding=\"async\" src=\"https:\/\/lb.be-ge.se\/wp-content\/uploads\/2023\/11\/Extravarmare-1024x1024.webp\" alt=\"\" class=\"wp-image-45548\"\/><\/a><\/figure>\n\n\n\n<p><strong>Kampanj V\u00e4rmare!<\/strong><\/p>\n\n\n\n<p>Varmt och sk\u00f6nt eller kallt och fruset &#8211; hur vill du ha det i din lastbil i vinter?<br>Kylan b\u00f6rjar smyga sig p\u00e5 igen, missa inte v\u00e5r vinterkampanj p\u00e5 extrav\u00e4rmare!<br><strong>Paketpris (monterat och klart): 19.995:-<\/strong><br>Eventuell fels\u00f6kning tillkommer. G\u00e4ller PGRT-hytt 2003-2016<br>Erbjudandet g\u00e4ller fram till den 31\/11.<\/p>\n\n\n\n<hr class=\"wp-block-separator has-alpha-channel-opacity\"\/>\n\n\n\n<div style=\"height:30px\" aria-hidden=\"true\" class=\"wp-block-spacer\"><\/div>\n\n\n\n<p><strong>Gotland Grand National<\/strong><\/p>\n\n\n\n<figure class=\"wp-block-image size-full\"><a href=\"https:\/\/lb.be-ge.se\/wp-content\/uploads\/2023\/11\/girlpower.png\"><img decoding=\"async\" src=\"https:\/\/lb.be-ge.se\/wp-content\/uploads\/2023\/11\/girlpower.png\" alt=\"\" class=\"wp-image-45549\"\/><\/a><\/figure>\n\n\n\n<p>Den 28 oktober i \u00e5r var Mikael Brodin, v\u00e5r s\u00e4ljare i Hultsfred, p\u00e5 Gotland f\u00f6r att tillsammans med sitt team Girl Power k\u00f6ra Gotland Grand National. De t\u00e4vlade f\u00f6r att samla in pengar till Rosa Bandet och lyckades k\u00f6ra in totalt 313 865 kr. Vi var givetvis med och st\u00f6ttade. <\/p>\n\n\n\n<p><strong>Stort grattis och bra jobbat!<\/strong><\/p>\n\n\n\n<hr class=\"wp-block-separator has-alpha-channel-opacity\"\/>\n\n\n\n<div style=\"height:31px\" aria-hidden=\"true\" class=\"wp-block-spacer\"><\/div>\n\n\n\n<p><strong>B\u00e4ttre drifttid och mindre stillest\u00e5nd p\u00e5 era bilar och sl\u00e4p \u2013 skaffa Avtal p\u00e5 service och underh\u00e5ll<\/strong><\/p>\n\n\n\n<p>Vill ni minska er totala underh\u00e5llskostnader p\u00e5 era bilar och samtidigt f\u00f6renkla sk\u00f6tseln av era fordon? Ring H\u00e5kan s\u00e5 hj\u00e4lper han er med vad som passar dig och dina fordon b\u00e4st f\u00f6r ett enklare och mer strukturerad planering av service med mera.<\/p>\n\n\n\n<hr class=\"wp-block-separator has-alpha-channel-opacity\"\/>\n\n\n\n<div style=\"height:33px\" aria-hidden=\"true\" class=\"wp-block-spacer\"><\/div>\n\n\n\n<p><strong>Bra pris p\u00e5 SL\u00c4P hos Be-Ge<br><\/strong><\/p>\n\n\n\n<ul class=\"wp-block-list\">\n<li>Vi har alltid bra priser p\u00e5 service\/reparation och har originaldelar i lager.<\/li>\n\n\n\n<li>Vi har attraktiva paketpriser p\u00e5 bla broms, luft och fj\u00e4der till ditt SL\u00c4P.<br>Kolla med oss \u2013 Vi har Bra Grejer!<\/li>\n<\/ul>\n\n\n\n<p><strong>Trevlig l\u00e4sning \/ Vi alla p\u00e5 Be-Ge Lastbilar AB \/ TE<\/strong><\/p>","protected":false},"excerpt":{"rendered":"<p>Ladda ner PDF h\u00e4r! V\u00e5ra \u00f6ppettider:Till och med 2023-12-22 Oskarshamn 0491-761530\/ Vetlanda 0383-467320 M\u00e5ndag &#8211; Torsdag 07.00 \u2013 18.00Fredag 07.00 \u2013 16.00L\u00f6rdagar 07.00 \u2013 13.00 Hultsfred 0495-12061M\u00e5ndag &#8211; Fredag 07.00 \u2013 16.00L\u00f6rdagar 07.00 &#8211; 13.00 Visby 0498-691450M\u00e5ndag och Fredag 07.00 \u2013 16.00Tisdag \u2013 Torsdag 07.00 &#8211; 18.00L\u00f6rdag 07.00 &#8211; 14.00 Jourtelefon 042-100 100\u00d6PPETTIDER i JUL\/Ny\u00e5r [&hellip;]<\/p>\n","protected":false},"author":7,"featured_media":0,"comment_status":"closed","ping_status":"closed","sticky":false,"template":"","format":"standard","meta":{"_acf_changed":false,"footnotes":""},"categories":[32],"tags":[130],"class_list":["post-14725","post","type-post","status-publish","format-standard","hentry","category-nyheter","tag-be-ge-lastbilar-ab"],"acf":[],"_links":{"self":[{"href":"https:\/\/be-ge.se\/en\/wp-json\/wp\/v2\/posts\/14725","targetHints":{"allow":["GET"]}}],"collection":[{"href":"https:\/\/be-ge.se\/en\/wp-json\/wp\/v2\/posts"}],"about":[{"href":"https:\/\/be-ge.se\/en\/wp-json\/wp\/v2\/types\/post"}],"author":[{"embeddable":true,"href":"https:\/\/be-ge.se\/en\/wp-json\/wp\/v2\/users\/7"}],"replies":[{"embeddable":true,"href":"https:\/\/be-ge.se\/en\/wp-json\/wp\/v2\/comments?post=14725"}],"version-history":[{"count":0,"href":"https:\/\/be-ge.se\/en\/wp-json\/wp\/v2\/posts\/14725\/revisions"}],"wp:attachment":[{"href":"https:\/\/be-ge.se\/en\/wp-json\/wp\/v2\/media?parent=14725"}],"wp:term":[{"taxonomy":"category","embeddable":true,"href":"https:\/\/be-ge.se\/en\/wp-json\/wp\/v2\/categories?post=14725"},{"taxonomy":"post_tag","embeddable":true,"href":"https:\/\/be-ge.se\/en\/wp-json\/wp\/v2\/tags?post=14725"}],"curies":[{"name":"wp","href":"https:\/\/api.w.org\/{rel}","templated":true}]}}