{"id":12956,"date":"2023-03-30T14:26:41","date_gmt":"2023-03-30T12:26:41","guid":{"rendered":"https:\/\/be-ge.se\/?p=12956"},"modified":"2023-03-30T14:26:43","modified_gmt":"2023-03-30T12:26:43","slug":"be-ge-lastbilar-ab-andrade-oppettider-i-hultsfred","status":"publish","type":"post","link":"https:\/\/be-ge.se\/en\/be-ge-lastbilar-ab-andrade-oppettider-i-hultsfred\/","title":{"rendered":"Be-Ge Lastbilar AB, \u00c4ndrade \u00f6ppettider i Hultsfred"},"content":{"rendered":"<figure class=\"wp-block-image size-full\"><a href=\"https:\/\/be-ge.se\/wp-content\/uploads\/2023\/03\/Hultsfred-SoMe_hemsida.jpg\"><img fetchpriority=\"high\" decoding=\"async\" width=\"900\" height=\"900\" src=\"https:\/\/be-ge.se\/wp-content\/uploads\/2023\/03\/Hultsfred-SoMe_hemsida.jpg\" alt=\"\" class=\"wp-image-12957\" srcset=\"https:\/\/be-ge.se\/wp-content\/uploads\/2023\/03\/Hultsfred-SoMe_hemsida.jpg 900w, https:\/\/be-ge.se\/wp-content\/uploads\/2023\/03\/Hultsfred-SoMe_hemsida-300x300.jpg 300w, https:\/\/be-ge.se\/wp-content\/uploads\/2023\/03\/Hultsfred-SoMe_hemsida-150x150.jpg 150w, https:\/\/be-ge.se\/wp-content\/uploads\/2023\/03\/Hultsfred-SoMe_hemsida-768x768.jpg 768w, https:\/\/be-ge.se\/wp-content\/uploads\/2023\/03\/Hultsfred-SoMe_hemsida-12x12.jpg 12w\" sizes=\"(max-width: 900px) 100vw, 900px\" \/><\/a><\/figure>\n\n\n\n<p>Vi vill uppm\u00e4rksamma er p\u00e5 att vi kommer att \u00e4ndra v\u00e5ra \u00f6ppettider p\u00e5 l\u00f6rdagar i Hultsfred. Vi kommer fr\u00e5n och med april m\u00e5nad ha \u00f6ppet varannan l\u00f6rdag ist\u00e4llet, detta g\u00e4ller fram till sommaruppeh\u00e5llet till att b\u00f6rja med.<\/p>\n\n\n\n<p>Vi har l\u00f6rdags\u00f6ppet f\u00f6ljande veckor fram\u00f6ver: 13, 15, 17, 19, 21, 23.<\/p>","protected":false},"excerpt":{"rendered":"<p>Vi vill uppm\u00e4rksamma er p\u00e5 att vi kommer att \u00e4ndra v\u00e5ra \u00f6ppettider p\u00e5 l\u00f6rdagar i Hultsfred. Vi kommer fr\u00e5n och med april m\u00e5nad ha \u00f6ppet varannan l\u00f6rdag ist\u00e4llet, detta g\u00e4ller fram till sommaruppeh\u00e5llet till att b\u00f6rja med. Vi har l\u00f6rdags\u00f6ppet f\u00f6ljande veckor fram\u00f6ver: 13, 15, 17, 19, 21, 23.<\/p>","protected":false},"author":13,"featured_media":0,"comment_status":"closed","ping_status":"closed","sticky":false,"template":"","format":"standard","meta":{"_acf_changed":false,"footnotes":""},"categories":[32],"tags":[],"class_list":["post-12956","post","type-post","status-publish","format-standard","hentry","category-nyheter"],"acf":[],"_links":{"self":[{"href":"https:\/\/be-ge.se\/en\/wp-json\/wp\/v2\/posts\/12956","targetHints":{"allow":["GET"]}}],"collection":[{"href":"https:\/\/be-ge.se\/en\/wp-json\/wp\/v2\/posts"}],"about":[{"href":"https:\/\/be-ge.se\/en\/wp-json\/wp\/v2\/types\/post"}],"author":[{"embeddable":true,"href":"https:\/\/be-ge.se\/en\/wp-json\/wp\/v2\/users\/13"}],"replies":[{"embeddable":true,"href":"https:\/\/be-ge.se\/en\/wp-json\/wp\/v2\/comments?post=12956"}],"version-history":[{"count":0,"href":"https:\/\/be-ge.se\/en\/wp-json\/wp\/v2\/posts\/12956\/revisions"}],"wp:attachment":[{"href":"https:\/\/be-ge.se\/en\/wp-json\/wp\/v2\/media?parent=12956"}],"wp:term":[{"taxonomy":"category","embeddable":true,"href":"https:\/\/be-ge.se\/en\/wp-json\/wp\/v2\/categories?post=12956"},{"taxonomy":"post_tag","embeddable":true,"href":"https:\/\/be-ge.se\/en\/wp-json\/wp\/v2\/tags?post=12956"}],"curies":[{"name":"wp","href":"https:\/\/api.w.org\/{rel}","templated":true}]}}