{"id":11817,"date":"2022-08-29T10:03:53","date_gmt":"2022-08-29T08:03:53","guid":{"rendered":"https:\/\/be-ge.se\/?p=11817"},"modified":"2022-08-29T10:03:54","modified_gmt":"2022-08-29T08:03:54","slug":"be-ge-lastbilar-ab-tack-sam-hjalp-bistandscenter","status":"publish","type":"post","link":"https:\/\/be-ge.se\/en\/be-ge-lastbilar-ab-tack-sam-hjalp-bistandscenter\/","title":{"rendered":"Be-Ge Lastbilar AB, Tack Sam-Hj\u00e4lp Bist\u00e5ndscenter!"},"content":{"rendered":"<figure class=\"wp-block-image size-large\"><a href=\"https:\/\/be-ge.se\/wp-content\/uploads\/2022\/08\/Sam-Hjalps-scaled.jpg\"><img fetchpriority=\"high\" decoding=\"async\" width=\"830\" height=\"1024\" src=\"https:\/\/be-ge.se\/wp-content\/uploads\/2022\/08\/Sam-Hjalps-830x1024.jpg\" alt=\"\" class=\"wp-image-11819\" srcset=\"https:\/\/be-ge.se\/wp-content\/uploads\/2022\/08\/Sam-Hjalps-830x1024.jpg 830w, https:\/\/be-ge.se\/wp-content\/uploads\/2022\/08\/Sam-Hjalps-243x300.jpg 243w, https:\/\/be-ge.se\/wp-content\/uploads\/2022\/08\/Sam-Hjalps-768x948.jpg 768w, https:\/\/be-ge.se\/wp-content\/uploads\/2022\/08\/Sam-Hjalps-1245x1536.jpg 1245w, https:\/\/be-ge.se\/wp-content\/uploads\/2022\/08\/Sam-Hjalps-1660x2048.jpg 1660w, https:\/\/be-ge.se\/wp-content\/uploads\/2022\/08\/Sam-Hjalps-10x12.jpg 10w\" sizes=\"(max-width: 830px) 100vw, 830px\" \/><\/a><\/figure>\n\n\n\n<div style=\"height:25px\" aria-hidden=\"true\" class=\"wp-block-spacer\"><\/div>\n\n\n\n<p><em>\u201cBE-GE Lastbilar AB<\/em><\/p>\n\n\n\n<p><em>Varmt tack f\u00f6r g\u00e5van till Sam-Hj\u00e4lps arbete i Ukraina.<\/em><\/p>\n\n\n\n<p><em>Tack vare Er har Sam-Hj\u00e4lp kunnat ut\u00f6ka sin hj\u00e4lpinsats till Ukraina. N\u00e4r det var som mest intensivt fick vi ov\u00e4rderlig hj\u00e4lp fr\u00e5n er. P\u00e5 bilderna \u00e4r lastbilen p\u00e5 gr\u00e4nsen in i Ukraina f\u00f6r omlastning och vidare distribution \u00f6sterut. Hj\u00e4lpen n\u00e5r fram!\u201d<\/em><\/p>\n\n\n\n<div style=\"height:20px\" aria-hidden=\"true\" class=\"wp-block-spacer\"><\/div>\n\n\n\n<p>Vi \u00e4r mycket glada \u00f6ver att ha f\u00e5tt m\u00f6jligheten att vara med och bidra till Sam-Hj\u00e4lp Bist\u00e5ndscenters hj\u00e4lpinsats till Ukraina. Tack!<\/p>","protected":false},"excerpt":{"rendered":"<p>\u201cBE-GE Lastbilar AB Varmt tack f\u00f6r g\u00e5van till Sam-Hj\u00e4lps arbete i Ukraina. Tack vare Er har Sam-Hj\u00e4lp kunnat ut\u00f6ka sin hj\u00e4lpinsats till Ukraina. N\u00e4r det var som mest intensivt fick vi ov\u00e4rderlig hj\u00e4lp fr\u00e5n er. P\u00e5 bilderna \u00e4r lastbilen p\u00e5 gr\u00e4nsen in i Ukraina f\u00f6r omlastning och vidare distribution \u00f6sterut. Hj\u00e4lpen n\u00e5r fram!\u201d Vi \u00e4r [&hellip;]<\/p>\n","protected":false},"author":13,"featured_media":0,"comment_status":"closed","ping_status":"closed","sticky":false,"template":"","format":"standard","meta":{"_acf_changed":false,"footnotes":""},"categories":[32],"tags":[],"class_list":["post-11817","post","type-post","status-publish","format-standard","hentry","category-nyheter"],"acf":[],"_links":{"self":[{"href":"https:\/\/be-ge.se\/en\/wp-json\/wp\/v2\/posts\/11817","targetHints":{"allow":["GET"]}}],"collection":[{"href":"https:\/\/be-ge.se\/en\/wp-json\/wp\/v2\/posts"}],"about":[{"href":"https:\/\/be-ge.se\/en\/wp-json\/wp\/v2\/types\/post"}],"author":[{"embeddable":true,"href":"https:\/\/be-ge.se\/en\/wp-json\/wp\/v2\/users\/13"}],"replies":[{"embeddable":true,"href":"https:\/\/be-ge.se\/en\/wp-json\/wp\/v2\/comments?post=11817"}],"version-history":[{"count":0,"href":"https:\/\/be-ge.se\/en\/wp-json\/wp\/v2\/posts\/11817\/revisions"}],"wp:attachment":[{"href":"https:\/\/be-ge.se\/en\/wp-json\/wp\/v2\/media?parent=11817"}],"wp:term":[{"taxonomy":"category","embeddable":true,"href":"https:\/\/be-ge.se\/en\/wp-json\/wp\/v2\/categories?post=11817"},{"taxonomy":"post_tag","embeddable":true,"href":"https:\/\/be-ge.se\/en\/wp-json\/wp\/v2\/tags?post=11817"}],"curies":[{"name":"wp","href":"https:\/\/api.w.org\/{rel}","templated":true}]}}