{"id":11793,"date":"2022-08-24T12:56:42","date_gmt":"2022-08-24T10:56:42","guid":{"rendered":"https:\/\/be-ge.se\/?p=11793"},"modified":"2022-08-24T12:57:39","modified_gmt":"2022-08-24T10:57:39","slug":"be-ge-lastbilar-ab-ordinarie-oppettider","status":"publish","type":"post","link":"https:\/\/be-ge.se\/en\/be-ge-lastbilar-ab-ordinarie-oppettider\/","title":{"rendered":"Be-Ge Lastbilar AB, Ordinarie \u00f6ppettider"},"content":{"rendered":"<figure class=\"wp-block-image size-large\"><a href=\"https:\/\/be-ge.se\/wp-content\/uploads\/2022\/08\/Oppettider-LB-post-bild-2.jpg\"><img fetchpriority=\"high\" decoding=\"async\" width=\"1024\" height=\"1024\" src=\"https:\/\/be-ge.se\/wp-content\/uploads\/2022\/08\/Oppettider-LB-post-bild-2-1024x1024.jpg\" alt=\"\" class=\"wp-image-11794\" srcset=\"https:\/\/be-ge.se\/wp-content\/uploads\/2022\/08\/Oppettider-LB-post-bild-2-1024x1024.jpg 1024w, https:\/\/be-ge.se\/wp-content\/uploads\/2022\/08\/Oppettider-LB-post-bild-2-300x300.jpg 300w, https:\/\/be-ge.se\/wp-content\/uploads\/2022\/08\/Oppettider-LB-post-bild-2-150x150.jpg 150w, https:\/\/be-ge.se\/wp-content\/uploads\/2022\/08\/Oppettider-LB-post-bild-2-768x768.jpg 768w, https:\/\/be-ge.se\/wp-content\/uploads\/2022\/08\/Oppettider-LB-post-bild-2-12x12.jpg 12w, https:\/\/be-ge.se\/wp-content\/uploads\/2022\/08\/Oppettider-LB-post-bild-2.jpg 1080w\" sizes=\"(max-width: 1024px) 100vw, 1024px\" \/><\/a><\/figure>\n\n\n\n<div style=\"height:23px\" aria-hidden=\"true\" class=\"wp-block-spacer\"><\/div>\n\n\n\n<p><strong>Nu har vi \u00e5terg\u00e5tt till ordinarie \u00f6ppettider!<\/strong><\/p>\n\n\n\n<p><strong>Oskarshamn:<\/strong><br>M\u00e5n-Tors 07.00-18.00<br>Fre 07.00-16.00<br>L\u00f6r 07.00-13.00<\/p>\n\n\n\n<p><strong>Hultsfred:<\/strong><br>M\u00e5n-Fre 07.00-16.00<br>L\u00f6r 07.00-13.00<\/p>\n\n\n\n<p><strong>Vetlanda:<\/strong><br>M\u00e5n-Tors 07.00-18.00<br>Fre 07.00-16.00<br>L\u00f6r 07.00-13.00<\/p>\n\n\n\n<p><strong>Visby:<\/strong><br>M\u00e5n &amp; Fre 07.00-16.00<br>Tis-Tors 07.00-18.00<br>L\u00f6r 07.00-14.00<\/p>","protected":false},"excerpt":{"rendered":"<p>Nu har vi \u00e5terg\u00e5tt till ordinarie \u00f6ppettider!<\/p>","protected":false},"author":13,"featured_media":0,"comment_status":"closed","ping_status":"closed","sticky":false,"template":"","format":"standard","meta":{"_acf_changed":false,"footnotes":""},"categories":[32],"tags":[],"class_list":["post-11793","post","type-post","status-publish","format-standard","hentry","category-nyheter"],"acf":[],"_links":{"self":[{"href":"https:\/\/be-ge.se\/en\/wp-json\/wp\/v2\/posts\/11793","targetHints":{"allow":["GET"]}}],"collection":[{"href":"https:\/\/be-ge.se\/en\/wp-json\/wp\/v2\/posts"}],"about":[{"href":"https:\/\/be-ge.se\/en\/wp-json\/wp\/v2\/types\/post"}],"author":[{"embeddable":true,"href":"https:\/\/be-ge.se\/en\/wp-json\/wp\/v2\/users\/13"}],"replies":[{"embeddable":true,"href":"https:\/\/be-ge.se\/en\/wp-json\/wp\/v2\/comments?post=11793"}],"version-history":[{"count":0,"href":"https:\/\/be-ge.se\/en\/wp-json\/wp\/v2\/posts\/11793\/revisions"}],"wp:attachment":[{"href":"https:\/\/be-ge.se\/en\/wp-json\/wp\/v2\/media?parent=11793"}],"wp:term":[{"taxonomy":"category","embeddable":true,"href":"https:\/\/be-ge.se\/en\/wp-json\/wp\/v2\/categories?post=11793"},{"taxonomy":"post_tag","embeddable":true,"href":"https:\/\/be-ge.se\/en\/wp-json\/wp\/v2\/tags?post=11793"}],"curies":[{"name":"wp","href":"https:\/\/api.w.org\/{rel}","templated":true}]}}