{"id":10771,"date":"2022-03-02T14:18:27","date_gmt":"2022-03-02T13:18:27","guid":{"rendered":"https:\/\/be-ge.se\/?p=10771"},"modified":"2022-03-02T14:19:30","modified_gmt":"2022-03-02T13:19:30","slug":"be-ge-lastbilar-ab-hyr-lastbilsslap-hos-oss","status":"publish","type":"post","link":"https:\/\/be-ge.se\/en\/be-ge-lastbilar-ab-hyr-lastbilsslap-hos-oss\/","title":{"rendered":"Be-Ge Lastbilar AB, Hyr lastbilssl\u00e4p hos oss"},"content":{"rendered":"<figure class=\"wp-block-gallery has-nested-images columns-default is-cropped wp-block-gallery-1 is-layout-flex wp-block-gallery-is-layout-flex\">\n<figure class=\"wp-block-image size-large\"><a href=\"https:\/\/be-ge.se\/wp-content\/uploads\/2022\/03\/lastbilsslap-uthyrning-Be-Ge-bakifran-scaled.jpg\"><img fetchpriority=\"high\" decoding=\"async\" width=\"1024\" height=\"816\" data-id=\"10772\" src=\"https:\/\/be-ge.se\/wp-content\/uploads\/2022\/03\/lastbilsslap-uthyrning-Be-Ge-bakifran-1024x816.jpg\" alt=\"\" class=\"wp-image-10772\" srcset=\"https:\/\/be-ge.se\/wp-content\/uploads\/2022\/03\/lastbilsslap-uthyrning-Be-Ge-bakifran-1024x816.jpg 1024w, https:\/\/be-ge.se\/wp-content\/uploads\/2022\/03\/lastbilsslap-uthyrning-Be-Ge-bakifran-300x239.jpg 300w, https:\/\/be-ge.se\/wp-content\/uploads\/2022\/03\/lastbilsslap-uthyrning-Be-Ge-bakifran-768x612.jpg 768w, https:\/\/be-ge.se\/wp-content\/uploads\/2022\/03\/lastbilsslap-uthyrning-Be-Ge-bakifran-1536x1224.jpg 1536w, https:\/\/be-ge.se\/wp-content\/uploads\/2022\/03\/lastbilsslap-uthyrning-Be-Ge-bakifran-2048x1632.jpg 2048w, https:\/\/be-ge.se\/wp-content\/uploads\/2022\/03\/lastbilsslap-uthyrning-Be-Ge-bakifran-15x12.jpg 15w\" sizes=\"(max-width: 1024px) 100vw, 1024px\" \/><\/a><\/figure>\n\n\n\n<figure class=\"wp-block-image size-large\"><a href=\"https:\/\/be-ge.se\/wp-content\/uploads\/2022\/03\/lastbilsslap-uthyrning-Be-Ge-hulstfred-scaled.jpg\"><img decoding=\"async\" width=\"1024\" height=\"768\" data-id=\"10773\" src=\"https:\/\/be-ge.se\/wp-content\/uploads\/2022\/03\/lastbilsslap-uthyrning-Be-Ge-hulstfred-1024x768.jpg\" alt=\"\" class=\"wp-image-10773\" srcset=\"https:\/\/be-ge.se\/wp-content\/uploads\/2022\/03\/lastbilsslap-uthyrning-Be-Ge-hulstfred-1024x768.jpg 1024w, https:\/\/be-ge.se\/wp-content\/uploads\/2022\/03\/lastbilsslap-uthyrning-Be-Ge-hulstfred-300x225.jpg 300w, https:\/\/be-ge.se\/wp-content\/uploads\/2022\/03\/lastbilsslap-uthyrning-Be-Ge-hulstfred-768x576.jpg 768w, https:\/\/be-ge.se\/wp-content\/uploads\/2022\/03\/lastbilsslap-uthyrning-Be-Ge-hulstfred-1536x1152.jpg 1536w, https:\/\/be-ge.se\/wp-content\/uploads\/2022\/03\/lastbilsslap-uthyrning-Be-Ge-hulstfred-2048x1536.jpg 2048w, https:\/\/be-ge.se\/wp-content\/uploads\/2022\/03\/lastbilsslap-uthyrning-Be-Ge-hulstfred-16x12.jpg 16w\" sizes=\"(max-width: 1024px) 100vw, 1024px\" \/><\/a><\/figure>\n<\/figure>\n\n\n\n<figure class=\"wp-block-image size-large\"><a href=\"https:\/\/be-ge.se\/wp-content\/uploads\/2022\/03\/lastbilsslap-uthyrning-Be-Ge-scaled.jpg\"><img decoding=\"async\" width=\"1024\" height=\"755\" src=\"https:\/\/be-ge.se\/wp-content\/uploads\/2022\/03\/lastbilsslap-uthyrning-Be-Ge-1024x755.jpg\" alt=\"\" class=\"wp-image-10774\" srcset=\"https:\/\/be-ge.se\/wp-content\/uploads\/2022\/03\/lastbilsslap-uthyrning-Be-Ge-1024x755.jpg 1024w, https:\/\/be-ge.se\/wp-content\/uploads\/2022\/03\/lastbilsslap-uthyrning-Be-Ge-300x221.jpg 300w, https:\/\/be-ge.se\/wp-content\/uploads\/2022\/03\/lastbilsslap-uthyrning-Be-Ge-768x566.jpg 768w, https:\/\/be-ge.se\/wp-content\/uploads\/2022\/03\/lastbilsslap-uthyrning-Be-Ge-1536x1133.jpg 1536w, https:\/\/be-ge.se\/wp-content\/uploads\/2022\/03\/lastbilsslap-uthyrning-Be-Ge-2048x1511.jpg 2048w, https:\/\/be-ge.se\/wp-content\/uploads\/2022\/03\/lastbilsslap-uthyrning-Be-Ge-16x12.jpg 16w\" sizes=\"(max-width: 1024px) 100vw, 1024px\" \/><\/a><\/figure>\n\n\n\n<p id=\"block-ae4a522c-d796-42af-9cd6-cdb762224c6b\">Nu kan vi \u00e4ntligen erbjuda uthyrning av lastbilssl\u00e4p vid behov. Den h\u00e4r fina trailern kommer att finnas i Hultsfred.<\/p>\n\n\n\n<p id=\"block-5cacf9b0-9a76-42e7-a760-1511692adca5\"><strong>Beh\u00f6ver du hyra sl\u00e4p?<\/strong><br>V\u00e4nligen ring 0495 &#8211; 410 63 s\u00e5 hj\u00e4lper vi dig!<\/p>","protected":false},"excerpt":{"rendered":"<p>Beh\u00f6ver du hyra sl\u00e4p? V\u00e4nligen ring 0495 &#8211; 410 63 s\u00e5 hj\u00e4lper vi dig!<\/p>","protected":false},"author":7,"featured_media":0,"comment_status":"closed","ping_status":"closed","sticky":false,"template":"","format":"standard","meta":{"_acf_changed":false,"footnotes":""},"categories":[32],"tags":[],"class_list":["post-10771","post","type-post","status-publish","format-standard","hentry","category-nyheter"],"acf":[],"_links":{"self":[{"href":"https:\/\/be-ge.se\/en\/wp-json\/wp\/v2\/posts\/10771","targetHints":{"allow":["GET"]}}],"collection":[{"href":"https:\/\/be-ge.se\/en\/wp-json\/wp\/v2\/posts"}],"about":[{"href":"https:\/\/be-ge.se\/en\/wp-json\/wp\/v2\/types\/post"}],"author":[{"embeddable":true,"href":"https:\/\/be-ge.se\/en\/wp-json\/wp\/v2\/users\/7"}],"replies":[{"embeddable":true,"href":"https:\/\/be-ge.se\/en\/wp-json\/wp\/v2\/comments?post=10771"}],"version-history":[{"count":0,"href":"https:\/\/be-ge.se\/en\/wp-json\/wp\/v2\/posts\/10771\/revisions"}],"wp:attachment":[{"href":"https:\/\/be-ge.se\/en\/wp-json\/wp\/v2\/media?parent=10771"}],"wp:term":[{"taxonomy":"category","embeddable":true,"href":"https:\/\/be-ge.se\/en\/wp-json\/wp\/v2\/categories?post=10771"},{"taxonomy":"post_tag","embeddable":true,"href":"https:\/\/be-ge.se\/en\/wp-json\/wp\/v2\/tags?post=10771"}],"curies":[{"name":"wp","href":"https:\/\/api.w.org\/{rel}","templated":true}]}}